{"id":10454,"date":"2022-11-14T21:26:26","date_gmt":"2022-11-15T02:26:26","guid":{"rendered":"https:\/\/podernacional.com\/?p=10454"},"modified":"2022-11-15T02:26:28","modified_gmt":"2022-11-15T02:26:28","slug":"los-cracks-del-futbol-se-unen-a-la-fifa-en-la-campana-football-unites-the-world","status":"publish","type":"post","link":"https:\/\/podernacional.com\/?p=10454","title":{"rendered":"Los cracks del f\u00fatbol se unen a la FIFA en la campa\u00f1a \u2018Football Unites the World\u2019"},"content":{"rendered":"<h4>Benzema, Lewandowski, Messi, Cristiano, Lucy Bronze, Carli Lloyd se suman a la campa\u00f1a que apuesta por la capacidad del f\u00fatbol para unir personas.<\/h4>\n<p>Los cracks del f\u00fatbol: A pocos d\u00edas de comenzar el Mundial de Qatar una buena cantidad de estrellas del f\u00fatbol se han unido.<\/p>\n<p>Con la finalidad\u00a0para lanzar la campa\u00f1a \u2018Football Unites the World\u2019.<\/p>\n<p>El objetivo es poner en alza la capacidad que tiene este deporte para unir personas.<\/p>\n<p>Su promoci\u00f3n se prolongar\u00e1 durante todo el Mundial.<\/p>\n<p>La FIFA mostrar\u00e1 las mejores im\u00e1genes desde el comienzo del torneo este viernes hasta la final el 18 de diciembre.<\/p>\n<p>Bajo el apoyo de esta campa\u00f1a, la entidad presidida por Infantino se asociar\u00e1 con organizaciones.<\/p>\n<p>Ademas de que\u00a0socios internacionales para dar voz a la lucha contra la discriminaci\u00f3n y a favor de la educaci\u00f3n.<\/p>\n<h4>Al igual que la\u00a0sostenibilidad durante el torneo de selecciones.<\/h4>\n<p>Karim Benzema, Robert Lewandowski, Lionel Messi, Cristiano, Neymar, Alisson Becker, Hassan Al-Haydos, Lucy Bronze, Didier Drogba.<\/p>\n<p>As\u00ed como de:\u00a0Giulia Gwinn, Kak\u00e1, Carli Lloyd, \u00c9douard Mendy y Emmanuel Petit.<\/p>\n<p>Los cuales\u00a0han participado con un v\u00eddeo en el que se refleja la pasi\u00f3n, esperanza y alegr\u00eda del deporte rey.<\/p>\n<p>Gianni Infantino, presidente de la FIFA, ha indicado sobre el f\u00fatbol:<\/p>\n<p>\u201cUne a la gente como ninguna otra cosa y la Copa Mundial de la FIFA ser\u00e1 una celebraci\u00f3n de esa unidad\u201d.<\/p>\n<p>\u201cAs\u00ed como de\u00a0pasi\u00f3n por el juego que tanto amamos\u201d.<\/p>\n<p>\u201cAunque el f\u00fatbol es y debe ser nuestro principal centro de atenci\u00f3n, la Copa Mundial de la FIFA\u201d.<\/p>\n<h4>Tambi\u00e9n consiste en los valores que se extienden mucho m\u00e1s all\u00e1 del campo.<\/h4>\n<p>Nos complace mucho que las estrellas futbol\u00edsticas de ayer y hoy se hayan unido a nosotros para proteger, fomentar.<\/p>\n<p>As\u00ed como de\u00a0promover estos valores fundamentales, que son tan importantes para los miles de millones de personas.<\/p>\n<p>Los que se emocionan con el f\u00fatbol por todo el mundo\u201d. Los cracks del f\u00fatbol:<\/p>\n<p>Unas declaraciones a las que ha a\u00f1adido:<\/p>\n<p>\u201cLa campa\u00f1a est\u00e1 ah\u00ed para celebrar el f\u00fatbol y los jugadores nos han brindado el arranque ideal, pero nuestro deporte tambi\u00e9n consiste en los aficionados\u201d.<\/p>\n<p>\u201cEn este sentido, queremos que formen parte de la celebraci\u00f3n global, y por eso estamos invitando a los aficionados de todo el mundo\u201d.<\/p>\n<p>\u201cAdemas que muestren su pasi\u00f3n por el f\u00fatbol en las redes sociales y con ello den ejemplo de c\u00f3mo el f\u00fatbol une al mundo\u201d.<\/p>\n","protected":false},"excerpt":{"rendered":"<p>Benzema, Lewandowski, Messi, Cristiano, Lucy Bronze, Carli Lloyd se suman a la campa\u00f1a que apuesta por la capacidad del f\u00fatbol para unir personas. Los cracks del f\u00fatbol: A pocos d\u00edas de comenzar el Mundial de Qatar una buena cantidad de estrellas del f\u00fatbol se han unido. Con la finalidad\u00a0para lanzar la campa\u00f1a \u2018Football Unites the [&hellip;]<\/p>\n","protected":false},"author":1,"featured_media":10456,"comment_status":"open","ping_status":"closed","sticky":false,"template":"","format":"standard","meta":{"footnotes":""},"categories":[3,5],"tags":[],"class_list":["post-10454","post","type-post","status-publish","format-standard","has-post-thumbnail","hentry","category-deportes","category-internacional"],"_links":{"self":[{"href":"https:\/\/podernacional.com\/index.php?rest_route=\/wp\/v2\/posts\/10454","targetHints":{"allow":["GET"]}}],"collection":[{"href":"https:\/\/podernacional.com\/index.php?rest_route=\/wp\/v2\/posts"}],"about":[{"href":"https:\/\/podernacional.com\/index.php?rest_route=\/wp\/v2\/types\/post"}],"author":[{"embeddable":true,"href":"https:\/\/podernacional.com\/index.php?rest_route=\/wp\/v2\/users\/1"}],"replies":[{"embeddable":true,"href":"https:\/\/podernacional.com\/index.php?rest_route=%2Fwp%2Fv2%2Fcomments&post=10454"}],"version-history":[{"count":1,"href":"https:\/\/podernacional.com\/index.php?rest_route=\/wp\/v2\/posts\/10454\/revisions"}],"predecessor-version":[{"id":10455,"href":"https:\/\/podernacional.com\/index.php?rest_route=\/wp\/v2\/posts\/10454\/revisions\/10455"}],"wp:featuredmedia":[{"embeddable":true,"href":"https:\/\/podernacional.com\/index.php?rest_route=\/wp\/v2\/media\/10456"}],"wp:attachment":[{"href":"https:\/\/podernacional.com\/index.php?rest_route=%2Fwp%2Fv2%2Fmedia&parent=10454"}],"wp:term":[{"taxonomy":"category","embeddable":true,"href":"https:\/\/podernacional.com\/index.php?rest_route=%2Fwp%2Fv2%2Fcategories&post=10454"},{"taxonomy":"post_tag","embeddable":true,"href":"https:\/\/podernacional.com\/index.php?rest_route=%2Fwp%2Fv2%2Ftags&post=10454"}],"curies":[{"name":"wp","href":"https:\/\/api.w.org\/{rel}","templated":true}]}}