{"id":10460,"date":"2022-11-15T17:22:47","date_gmt":"2022-11-15T22:22:47","guid":{"rendered":"https:\/\/podernacional.com\/?p=10460"},"modified":"2022-11-15T22:22:49","modified_gmt":"2022-11-15T22:22:49","slug":"el-festival-circo-de-zaragoza-promete-acrobacias-y-mucho-humor","status":"publish","type":"post","link":"https:\/\/podernacional.com\/?p=10460","title":{"rendered":"El Festival Circo de Zaragoza promete acrobacias y mucho humor"},"content":{"rendered":"<h4>La Gran Gala de los Premios Marcelino al Circo Aragon\u00e9s se celebrar\u00e1 el s\u00e1bado 26 de noviembre en el centro c\u00edvico Teodoro S\u00e1nchez Punter.<\/h4>\n<p>El Festival Circo de Zaragoza: La presentaci\u00f3n del Festival de Circo de Zaragoza.La presentaci\u00f3n del Festival de Circo de Zaragoza.<\/p>\n<p>El IX Festival Circo Ciudad de Zaragoza regresa un a\u00f1o m\u00e1s al centro c\u00edvico Teodoro S\u00e1nchez Punter, en el barrio de San Jos\u00e9.<\/p>\n<p>Ademas que\u00a0lo hace por todo lo alto hasta el pr\u00f3ximo 27 de noviembre con las acrobacias de artistas nacionales e internacionales.<\/p>\n<p>As\u00ed como\u00a0su tradicional entrega de los Premios Marcelino Orb\u00e9s al mejor espect\u00e1culo circense.<\/p>\n<p>Acrobacias, clown, residencias art\u00edsticas, exposiciones, proyecciones y la gran gala de entrega de los Premios Marcelino Orb\u00e9s al Circo Aragon\u00e9s.<\/p>\n<p>Los cuales\u00a0reconocen e impulsan la labor de compa\u00f1\u00edas y artistas en el circo aragon\u00e9s se dar\u00e1n cita en este evento.<\/p>\n<p>El festival naci\u00f3 en 2013 al amparo de los Premios al Circo Aragon\u00e9s y suma este a\u00f1o su novena edici\u00f3n.<\/p>\n<p>&nbsp;<\/p>\n<h4>La cual esta sobreviviendo a los complicados a\u00f1os de pandemia cuando se mantuvo la programaci\u00f3n con todas las medidas de seguridad.<\/h4>\n<p>De esta forma, el Festival Circo de Zaragoza se celebra una vez m\u00e1s a su sede habitual, el centro c\u00edvico Teodoro S\u00e1nchez Punter.<\/p>\n<p>As\u00ed como\u00a0con espect\u00e1culos de ilusionismo y acrobacias para todos los p\u00fablicos.<\/p>\n<p>Por este escenario pasar\u00e1n artistas locales, nacionales e internacionales y m\u00e1s de diez compa\u00f1\u00edas diferentes completando una programaci\u00f3n.<\/p>\n<p>La cual\u00a0sit\u00faa a la capital aragonesa en el \u201ccentro del movimiento circense\u201d, ha indicado el consejero de Participaci\u00f3n y Relaci\u00f3n con los Ciudadanos.<\/p>\n<p>Por ende, Javier Rodrigo, en la presentaci\u00f3n a los medios, junto a la directora del programa Josefina Barba y el coordinador art\u00edstico, Mario Cosculluela.<\/p>\n<p>Producciones Kinser abrir\u00e1 el tel\u00f3n el viernes 18 de noviembre con \u2018Pasen y vean\u2019, una gran producci\u00f3n: Payasos, m\u00fasica en directo, malabares y trapecios dobles.<\/p>\n<p>Los payasos continuar\u00e1n el s\u00e1bado 19 con \u2018A comer\u2019 de Mono P\u00e1jaro Verde y Patri Coronas.<\/p>\n<p>As\u00ed como\u00a0el d\u00fao de clowns que aparecen en el escenario convencidos de que han sido invitados a un gran banquete popular.<\/p>\n<p>Ademas que\u00a0ese mismo d\u00eda, a las 12.00, se proyectar\u00e1 \u2018Marcelino, el mejor payaso del mundo\u2019.<\/p>\n<p>As\u00ed como\u00a0el documental dirigido por Germ\u00e1n Roda y protagonizado por el polifac\u00e9tico Pepe Viyuela.<\/p>\n<p>Con una amplia trayectoria en el arte circense, la compa\u00f1\u00eda Seon propone disfrutar el domingo 20 de noviembre de \u2018Clowneolo\u2019.<\/p>\n<p>El cual es\u00a0un nuevo espect\u00e1culo con t\u00e9cnicas de acrod\u00fao, equilibrio de cabeza y clown.<\/p>\n<p>Ademas que por la tarde, la productora Xampatito Pato interpretar\u00e1 el show \u2018S\u00f3\u2019, protagonizado por un personaje obsesivo, cuadriculado y meticuloso.<\/p>\n","protected":false},"excerpt":{"rendered":"<p>La Gran Gala de los Premios Marcelino al Circo Aragon\u00e9s se celebrar\u00e1 el s\u00e1bado 26 de noviembre en el centro c\u00edvico Teodoro S\u00e1nchez Punter. El Festival Circo de Zaragoza: La presentaci\u00f3n del Festival de Circo de Zaragoza.La presentaci\u00f3n del Festival de Circo de Zaragoza. El IX Festival Circo Ciudad de Zaragoza regresa un a\u00f1o m\u00e1s [&hellip;]<\/p>\n","protected":false},"author":1,"featured_media":10462,"comment_status":"open","ping_status":"closed","sticky":false,"template":"","format":"standard","meta":{"footnotes":""},"categories":[2,5],"tags":[],"class_list":["post-10460","post","type-post","status-publish","format-standard","has-post-thumbnail","hentry","category-cultural","category-internacional"],"_links":{"self":[{"href":"https:\/\/podernacional.com\/index.php?rest_route=\/wp\/v2\/posts\/10460","targetHints":{"allow":["GET"]}}],"collection":[{"href":"https:\/\/podernacional.com\/index.php?rest_route=\/wp\/v2\/posts"}],"about":[{"href":"https:\/\/podernacional.com\/index.php?rest_route=\/wp\/v2\/types\/post"}],"author":[{"embeddable":true,"href":"https:\/\/podernacional.com\/index.php?rest_route=\/wp\/v2\/users\/1"}],"replies":[{"embeddable":true,"href":"https:\/\/podernacional.com\/index.php?rest_route=%2Fwp%2Fv2%2Fcomments&post=10460"}],"version-history":[{"count":1,"href":"https:\/\/podernacional.com\/index.php?rest_route=\/wp\/v2\/posts\/10460\/revisions"}],"predecessor-version":[{"id":10461,"href":"https:\/\/podernacional.com\/index.php?rest_route=\/wp\/v2\/posts\/10460\/revisions\/10461"}],"wp:featuredmedia":[{"embeddable":true,"href":"https:\/\/podernacional.com\/index.php?rest_route=\/wp\/v2\/media\/10462"}],"wp:attachment":[{"href":"https:\/\/podernacional.com\/index.php?rest_route=%2Fwp%2Fv2%2Fmedia&parent=10460"}],"wp:term":[{"taxonomy":"category","embeddable":true,"href":"https:\/\/podernacional.com\/index.php?rest_route=%2Fwp%2Fv2%2Fcategories&post=10460"},{"taxonomy":"post_tag","embeddable":true,"href":"https:\/\/podernacional.com\/index.php?rest_route=%2Fwp%2Fv2%2Ftags&post=10460"}],"curies":[{"name":"wp","href":"https:\/\/api.w.org\/{rel}","templated":true}]}}