{"id":10463,"date":"2022-11-15T17:26:24","date_gmt":"2022-11-15T22:26:24","guid":{"rendered":"https:\/\/podernacional.com\/?p=10463"},"modified":"2022-11-15T22:26:25","modified_gmt":"2022-11-15T22:26:25","slug":"festival-de-la-flor-nelson-kanzela-y-toda-la-cartelera-artistica-que-estara-en-fortin-de-las-flores","status":"publish","type":"post","link":"https:\/\/podernacional.com\/?p=10463","title":{"rendered":"Festival de la Flor: Nelson Kanzela y toda la cartelera art\u00edstica que estar\u00e1 en Fort\u00edn de las Flores"},"content":{"rendered":"<h4>Todo se encuentra listo para arrancar ma\u00f1ana mi\u00e9rcoles 16 de noviembre El Festival de la Flor Fort\u00edn 2022 en el Recinto Ferial<\/h4>\n<p>Festival de la Flor: Se encuentra ubicado en Vicente Lombardo Toledano o mejor conocido como Emiliano Zapata.<\/p>\n<p>En donde participaran Mi Banda el Mexicano Caballo Blanco, La Sonora Santanera, El espectacular Carro Show, Nelson Kanzela, Los Vela, entre otros grupos musicales.<\/p>\n<p>Organizadores del evento informan que la mayor\u00eda de espacios para la venta de alimentos, artesan\u00edas y bebidas embriagantes est\u00e1n casi llenos.<\/p>\n<p>Pero si buscas un espacio para invertir en este festival puedes pedir m\u00e1s informes al 229 117 6991.<\/p>\n<p>En el Festival de la Flor Fort\u00edn 2022 las familias podr\u00e1n disfrutar de un espacio recreativo en donde chicos y grandes encontrar\u00e1n juegos mec\u00e1nicos.<\/p>\n<p>As\u00ed como de la\u00a0zona gastron\u00f3mica, y venta de artesan\u00edas y otros productos diversos as\u00ed como eventos musicales.<\/p>\n<p>\u00bfQuieres hacer un mole de guajolote? Te puede costar hasta mil pesos<\/p>\n<p>&nbsp;<\/p>\n<h4>\u00bfCu\u00e1nto costar\u00e1 el boleto para ingresar al recinto ferial?<\/h4>\n<p>Para ingresar al evento se pagar\u00e1 25 pesos por persona antes de las 8 de la noche.<\/p>\n<p>Ademas de que\u00a0si llegas despu\u00e9s de esta hora el costo ser\u00e1 de 100 pesos.<\/p>\n<p>Los primeros en participar en el escenario de El Festival de la Flor Fort\u00edn 2022 ser\u00e1n El Espectacular Carro Show.<\/p>\n<p>As\u00ed como de la Sonora Santanera quienes se presentar\u00e1n ma\u00f1ana mi\u00e9rcoles 16 de noviembre.<\/p>\n<p>El jueves 17 de noviembre podr\u00e1s disfrutar de la m\u00fasica de Los Vela y la Sensacional Orquesta San La clave.<\/p>\n<p>Mientras que el viernes 18 de noviembre en el escenariso se encontrar\u00e1 la m\u00fasica de Klaz y keroz.<\/p>\n<p>Pero para los amantes de la m\u00fasica de banda el s\u00e1bado 19 de noviembre estar\u00e1 present\u00e1ndose el grupo Mi Banda el Mexicano Caballo Blanco.<\/p>\n<p>Adem\u00e1s del Sensacional Rodeo.<\/p>\n<p>Y Para finalizar con broche de oro el domingo se estar\u00e1 presentando el show de Nelzon Kanzela el Rey del baile.<\/p>\n<p>Para que puedas ubicar mejor el lugar donde se realizar\u00e1 El Festival de la Flor Fort\u00edn 2022.<\/p>\n<p>Por ende, se ubicar\u00e1 entre las instalaciones de Bomberos de Fort\u00edn y el Parque de Floricultura.<\/p>\n","protected":false},"excerpt":{"rendered":"<p>Todo se encuentra listo para arrancar ma\u00f1ana mi\u00e9rcoles 16 de noviembre El Festival de la Flor Fort\u00edn 2022 en el Recinto Ferial Festival de la Flor: Se encuentra ubicado en Vicente Lombardo Toledano o mejor conocido como Emiliano Zapata. En donde participaran Mi Banda el Mexicano Caballo Blanco, La Sonora Santanera, El espectacular Carro Show, [&hellip;]<\/p>\n","protected":false},"author":1,"featured_media":10465,"comment_status":"open","ping_status":"closed","sticky":false,"template":"","format":"standard","meta":{"footnotes":""},"categories":[4,5],"tags":[],"class_list":["post-10463","post","type-post","status-publish","format-standard","has-post-thumbnail","hentry","category-espectaculos","category-internacional"],"_links":{"self":[{"href":"https:\/\/podernacional.com\/index.php?rest_route=\/wp\/v2\/posts\/10463","targetHints":{"allow":["GET"]}}],"collection":[{"href":"https:\/\/podernacional.com\/index.php?rest_route=\/wp\/v2\/posts"}],"about":[{"href":"https:\/\/podernacional.com\/index.php?rest_route=\/wp\/v2\/types\/post"}],"author":[{"embeddable":true,"href":"https:\/\/podernacional.com\/index.php?rest_route=\/wp\/v2\/users\/1"}],"replies":[{"embeddable":true,"href":"https:\/\/podernacional.com\/index.php?rest_route=%2Fwp%2Fv2%2Fcomments&post=10463"}],"version-history":[{"count":1,"href":"https:\/\/podernacional.com\/index.php?rest_route=\/wp\/v2\/posts\/10463\/revisions"}],"predecessor-version":[{"id":10464,"href":"https:\/\/podernacional.com\/index.php?rest_route=\/wp\/v2\/posts\/10463\/revisions\/10464"}],"wp:featuredmedia":[{"embeddable":true,"href":"https:\/\/podernacional.com\/index.php?rest_route=\/wp\/v2\/media\/10465"}],"wp:attachment":[{"href":"https:\/\/podernacional.com\/index.php?rest_route=%2Fwp%2Fv2%2Fmedia&parent=10463"}],"wp:term":[{"taxonomy":"category","embeddable":true,"href":"https:\/\/podernacional.com\/index.php?rest_route=%2Fwp%2Fv2%2Fcategories&post=10463"},{"taxonomy":"post_tag","embeddable":true,"href":"https:\/\/podernacional.com\/index.php?rest_route=%2Fwp%2Fv2%2Ftags&post=10463"}],"curies":[{"name":"wp","href":"https:\/\/api.w.org\/{rel}","templated":true}]}}