{"id":10469,"date":"2022-11-15T17:38:52","date_gmt":"2022-11-15T22:38:52","guid":{"rendered":"https:\/\/podernacional.com\/?p=10469"},"modified":"2022-11-15T22:38:53","modified_gmt":"2022-11-15T22:38:53","slug":"hay-758-aspirantes-en-convocatoria-internacional-de-medicos","status":"publish","type":"post","link":"https:\/\/podernacional.com\/?p=10469","title":{"rendered":"Hay 758 aspirantes en convocatoria internacional de m\u00e9dicos"},"content":{"rendered":"<h4>En Oaxaca.-El director del Instituto Mexicano del Seguro Social, <a href=\"https:\/\/www.gob.mx\/imss\/estructuras\/zoe-alejandro-robledo-aburto-201421\">Zo\u00e9 Robledo<\/a>, inform\u00f3 que hasta el momento suman 758 aspirantes.<\/h4>\n<p>Convocatoria internacional de m\u00e9dicos: Esto de al menos 21 pa\u00edses los que se han registrado en la convocatoria internacional de m\u00e9dicos especialistas.<\/p>\n<p>En conferencia matutina celebrada este martes desde Palacio Nacional.<\/p>\n<p>Por ende, el funcionario detall\u00f3 que estos aspirantes est\u00e1n completando sus tr\u00e1mites migratorios y de revalidaci\u00f3n de estudios.<\/p>\n<p>Robledo Aburto, indic\u00f3 que estos candidatos son de 43 especialidades, los cuales empezar\u00e1n a trabajar en el pa\u00eds a partir del pr\u00f3ximo a\u00f1o.<\/p>\n<p>Hay que recordar que el pasado 11 de octubre, El Instituto Mexicano del Seguro Social (IMSS) lanz\u00f3 una convocatoria internacional.<\/p>\n<p>&nbsp;<\/p>\n<h4>Esto con el fin y objetivo para reclutar a m\u00e9dicos especialistas en 15 estados del pa\u00eds que registran m\u00e1s rezago en atenci\u00f3n de la salud.<\/h4>\n<p>Se trata de 749 vacantes en 43 especialidades como anestesiolog\u00eda, cardiolog\u00eda, neumolog\u00eda, cirug\u00eda general, nefrolog\u00eda, entre otras.<\/p>\n<p>Ademas de la ardua labor para servir en 54 hospitales del IMSS a lo largo de 13 entidades.<\/p>\n<p>En esta convocatoria, los m\u00e9dicos especialistas mexicanos tambi\u00e9n podr\u00e1n postularse.<\/p>\n<p>Con esto se menciona que hay Hay 758 aspirantes en convocatoria internacional m\u00e9dica<\/p>\n<p>Por ende, se menciona que hay diversos aspirantes en la convocatoria internacional de m\u00e9dicos.<\/p>\n<p>&#8230;As\u00ed se redact\u00f3.<\/p>\n<p>&nbsp;<\/p>\n","protected":false},"excerpt":{"rendered":"<p>En Oaxaca.-El director del Instituto Mexicano del Seguro Social, Zo\u00e9 Robledo, inform\u00f3 que hasta el momento suman 758 aspirantes. Convocatoria internacional de m\u00e9dicos: Esto de al menos 21 pa\u00edses los que se han registrado en la convocatoria internacional de m\u00e9dicos especialistas. En conferencia matutina celebrada este martes desde Palacio Nacional. Por ende, el funcionario detall\u00f3 [&hellip;]<\/p>\n","protected":false},"author":1,"featured_media":10471,"comment_status":"open","ping_status":"closed","sticky":false,"template":"","format":"standard","meta":{"footnotes":""},"categories":[5,11],"tags":[],"class_list":["post-10469","post","type-post","status-publish","format-standard","has-post-thumbnail","hentry","category-internacional","category-salud"],"_links":{"self":[{"href":"https:\/\/podernacional.com\/index.php?rest_route=\/wp\/v2\/posts\/10469","targetHints":{"allow":["GET"]}}],"collection":[{"href":"https:\/\/podernacional.com\/index.php?rest_route=\/wp\/v2\/posts"}],"about":[{"href":"https:\/\/podernacional.com\/index.php?rest_route=\/wp\/v2\/types\/post"}],"author":[{"embeddable":true,"href":"https:\/\/podernacional.com\/index.php?rest_route=\/wp\/v2\/users\/1"}],"replies":[{"embeddable":true,"href":"https:\/\/podernacional.com\/index.php?rest_route=%2Fwp%2Fv2%2Fcomments&post=10469"}],"version-history":[{"count":1,"href":"https:\/\/podernacional.com\/index.php?rest_route=\/wp\/v2\/posts\/10469\/revisions"}],"predecessor-version":[{"id":10470,"href":"https:\/\/podernacional.com\/index.php?rest_route=\/wp\/v2\/posts\/10469\/revisions\/10470"}],"wp:featuredmedia":[{"embeddable":true,"href":"https:\/\/podernacional.com\/index.php?rest_route=\/wp\/v2\/media\/10471"}],"wp:attachment":[{"href":"https:\/\/podernacional.com\/index.php?rest_route=%2Fwp%2Fv2%2Fmedia&parent=10469"}],"wp:term":[{"taxonomy":"category","embeddable":true,"href":"https:\/\/podernacional.com\/index.php?rest_route=%2Fwp%2Fv2%2Fcategories&post=10469"},{"taxonomy":"post_tag","embeddable":true,"href":"https:\/\/podernacional.com\/index.php?rest_route=%2Fwp%2Fv2%2Ftags&post=10469"}],"curies":[{"name":"wp","href":"https:\/\/api.w.org\/{rel}","templated":true}]}}