{"id":10475,"date":"2022-11-15T17:47:55","date_gmt":"2022-11-15T22:47:55","guid":{"rendered":"https:\/\/podernacional.com\/?p=10475"},"modified":"2022-11-15T22:47:58","modified_gmt":"2022-11-15T22:47:58","slug":"el-festival-internacional-de-las-luces-filux-llegara-por-primera-vez-al-interior-del-estado-para-el-disfrute-de-mas-familias-yucatecas","status":"publish","type":"post","link":"https:\/\/podernacional.com\/?p=10475","title":{"rendered":"El Festival Internacional de las Luces (Filux) llegar\u00e1 por primera vez al interior del estado para el disfrute de m\u00e1s familias yucatecas"},"content":{"rendered":"<h4>Adem\u00e1s de M\u00e9rida el Filux se llevar\u00e1 al interior del estado en los municipios de Valladolid.<\/h4>\n<p>El Festival Internacional de las Luces (Filux): As\u00ed como de Tekax para seguir transformando la cultura en el estado acerc\u00e1ndola a cada vez m\u00e1s familias.<\/p>\n<p>-A partir del 24 de noviembre, los asistentes podr\u00e1n disfrutar de obras de arte realizadas con luz como:<\/p>\n<p>Proyecciones, video mapping, esculturas de luz, instalaciones, iluminaci\u00f3n arquitect\u00f3nica, caminos de luz, cine, entre muchas m\u00e1s.<\/p>\n<p>Por primera vez llegar\u00e1 al interior del estado en los municipios de Tekax y Valladolid el Festival Internacional de las Luces (Filux).<\/p>\n<p>Adem\u00e1s de que de nueva cuenta estar\u00e1 en M\u00e9rida para que m\u00e1s familias yucatecas puedan disfrutar de un recorrido nocturno totalmente gratuito.<\/p>\n<p>Esto con obras de arte realizadas con luz, resultado del impulso del Gobernador Mauricio Vila Dosal para seguir transformando la cultura.<\/p>\n<p>Con el fin de estar acerc\u00e1ndola a habitantes de la entidad.<\/p>\n<p>&nbsp;<\/p>\n<h4>En la presentaci\u00f3n del Filux 2022, el director del Patronato de las Unidades de Servicios Culturales y Tur\u00edsticos del Estado de Yucat\u00e1n (Cultur).<\/h4>\n<p>Por ende,\u00a0Mauricio D\u00edaz Montalvo, junto con el Director art\u00edstico fundador del Filux, David Di Bona, brindaron los detalles de este festival.<\/p>\n<p>El cual\u00a0se llevar\u00e1 a cabo en M\u00e9rida, del 24 al 27 de noviembre; en Valladolid, del 1 al 4 de diciembre.<\/p>\n<p>As\u00ed como en Tekax, del 8 al 10 de diciembre de 6 de la tarde a 11 de la noche.<\/p>\n<p>David Di Bona indic\u00f3 que, para el disfrute de las familias yucatecas.<\/p>\n<p>Ademas de que\u00a0se tendr\u00e1 un paquete de 24 obras de arte con el uso de luz con proyecciones.<\/p>\n<p>Ademas de\u00a0video mapping, esculturas de luz, instalaciones, iluminaci\u00f3n arquitect\u00f3nica, caminos de luz, cine, entre otras m\u00e1s.<\/p>\n<p>Las cuales\u00a0estar\u00e1n a lo largo de un camino de luz en cada municipio donde se presentar\u00e1.<\/p>\n<p>Por ende,\u00a0se le\u00a0agradeci\u00f3 el trabajo coordinado con el Gobierno del Estado para acercar la cultura a m\u00e1s habitantes.<\/p>\n<p>\u00abAgradecemos al Gobernador por su sensibilidad, misi\u00f3n y visi\u00f3n de abrazar una vez m\u00e1s este proyecto cultural que naci\u00f3 de la sociedad civil\u201d.<\/p>\n<p>&nbsp;<\/p>\n<h4>\u201cCon el fin de\u00a0celebrar su cuarta edici\u00f3n en el estado, as\u00ed que gracias por permitirnos hacer trabajo en equipo de la mano Gobierno\u201d.<\/h4>\n<p>\u201cAs\u00ed como de\u00a0sociedad civil pues de otra manera ser\u00eda imposible realizar el Filux\u00bb, asegur\u00f3 el director art\u00edstico fundador del Filux.<\/p>\n<p>Por su parte, el director de Cultur, D\u00edaz Montalvo, se\u00f1al\u00f3 que, a trav\u00e9s de una inversi\u00f3n estatal de 11 millones de pesos.<\/p>\n<p>Ademas de que este festival impulsar\u00e1 el turismo en el estado y permitir\u00e1 promocionar otras partes de la entidad.<\/p>\n<p>Por lo que invit\u00f3 a las y los yucatecos a seguir haciendo de Yucat\u00e1n un estado m\u00e1s seguro cultural y atractivo para los visitantes.<\/p>\n<p>Se presentar\u00e1n obras de artistas nacionales tituladas como:<\/p>\n<p>Museum of the moon, Mandala labrador, Mandala Naya and Mandala Perrier; Intrude, Lo fortuito, Ecos, P\u00e1jaro toh, Viviendo la luz, Life.<\/p>\n<p>As\u00ed como de: Tradici\u00f3n que ilumina, Ataraxia, Faro, Lepidopter, Mana, Ausencia, Caminantes, Global rainbow, Solar flare, Primitivo, Lluvia, sol y refracci\u00f3n.<\/p>\n<p>En el sendero de un jard\u00edn rocoso, El jard\u00edn secreto, Alienaci\u00f3n, Te quiero mucho, Rapitichiemih, Ni\u00f1os de dulce, adem\u00e1s de iluminaci\u00f3n arquitect\u00f3nica, e intervenciones comunitarias.<\/p>\n","protected":false},"excerpt":{"rendered":"<p>Adem\u00e1s de M\u00e9rida el Filux se llevar\u00e1 al interior del estado en los municipios de Valladolid. El Festival Internacional de las Luces (Filux): As\u00ed como de Tekax para seguir transformando la cultura en el estado acerc\u00e1ndola a cada vez m\u00e1s familias. -A partir del 24 de noviembre, los asistentes podr\u00e1n disfrutar de obras de arte [&hellip;]<\/p>\n","protected":false},"author":1,"featured_media":10477,"comment_status":"open","ping_status":"closed","sticky":false,"template":"","format":"standard","meta":{"footnotes":""},"categories":[6,10,13],"tags":[],"class_list":["post-10475","post","type-post","status-publish","format-standard","has-post-thumbnail","hentry","category-local","category-quintana-roo","category-tecnologia"],"_links":{"self":[{"href":"https:\/\/podernacional.com\/index.php?rest_route=\/wp\/v2\/posts\/10475","targetHints":{"allow":["GET"]}}],"collection":[{"href":"https:\/\/podernacional.com\/index.php?rest_route=\/wp\/v2\/posts"}],"about":[{"href":"https:\/\/podernacional.com\/index.php?rest_route=\/wp\/v2\/types\/post"}],"author":[{"embeddable":true,"href":"https:\/\/podernacional.com\/index.php?rest_route=\/wp\/v2\/users\/1"}],"replies":[{"embeddable":true,"href":"https:\/\/podernacional.com\/index.php?rest_route=%2Fwp%2Fv2%2Fcomments&post=10475"}],"version-history":[{"count":1,"href":"https:\/\/podernacional.com\/index.php?rest_route=\/wp\/v2\/posts\/10475\/revisions"}],"predecessor-version":[{"id":10476,"href":"https:\/\/podernacional.com\/index.php?rest_route=\/wp\/v2\/posts\/10475\/revisions\/10476"}],"wp:featuredmedia":[{"embeddable":true,"href":"https:\/\/podernacional.com\/index.php?rest_route=\/wp\/v2\/media\/10477"}],"wp:attachment":[{"href":"https:\/\/podernacional.com\/index.php?rest_route=%2Fwp%2Fv2%2Fmedia&parent=10475"}],"wp:term":[{"taxonomy":"category","embeddable":true,"href":"https:\/\/podernacional.com\/index.php?rest_route=%2Fwp%2Fv2%2Fcategories&post=10475"},{"taxonomy":"post_tag","embeddable":true,"href":"https:\/\/podernacional.com\/index.php?rest_route=%2Fwp%2Fv2%2Ftags&post=10475"}],"curies":[{"name":"wp","href":"https:\/\/api.w.org\/{rel}","templated":true}]}}