{"id":10481,"date":"2022-11-15T18:03:01","date_gmt":"2022-11-15T23:03:01","guid":{"rendered":"https:\/\/podernacional.com\/?p=10481"},"modified":"2022-11-15T23:03:03","modified_gmt":"2022-11-15T23:03:03","slug":"gobierno-de-cancun-se-suma-al-plan-estatal-para-cerrar-la-brecha-social","status":"publish","type":"post","link":"https:\/\/podernacional.com\/?p=10481","title":{"rendered":"Gobierno de Canc\u00fan se suma al Plan Estatal para cerrar la brecha social"},"content":{"rendered":"<h4>La Presidenta Municipal de Benito Ju\u00e1rez, Ana Patricia Peralta, atestigu\u00f3 la instalaci\u00f3n del Comit\u00e9 de Planeaci\u00f3n para el Desarrollo del Estado de Quintana Roo (COPLADE).<\/h4>\n<p>Gobierno de Canc\u00fan: El cual elaborar\u00e1 el Plan Estatal de Desarrollo (PED) con el fin de trazar los objetivos, estrategias, l\u00edneas de acci\u00f3n.<\/p>\n<p>As\u00ed como de metas a cumplir para mejorar la calidad de vida de los cancunenses y quintanarroenses.<\/p>\n<p>\u201cEl COPLADE es una instancia crucial, en la que ahora, gracias a la nueva Ley de Planeaci\u00f3n para el Desarrollo de Quintana Roo\u201d.<\/p>\n<p>\u201cAdemas que los municipios y otros organismos pol\u00edticos y sociales cobramos mayor relevancia\u201d.<\/p>\n<p>As\u00ed como al tener una participaci\u00f3n m\u00e1s activa con nuestras opiniones y propuestas en la elaboraci\u00f3n de planes, programas, diagn\u00f3sticos\u201d.<\/p>\n<p>\u201cAdemas de evaluaciones con una visi\u00f3n de futuro\u201d, resalt\u00f3 la Presidenta Municipal, en entrevista previa.<\/p>\n<p>Antes del evento realizado en el sal\u00f3n \u201cCuna del Mestizaje\u201d, del Palacio de Gobierno en la capital del estado.<\/p>\n<p>Por ende, la Primera Autoridad Municipal destac\u00f3 tambi\u00e9n el liderazgo y trabajo emprendido por la gobernadora Mara Lezama en Quintana Roo.<\/p>\n<p>&nbsp;<\/p>\n<h4>Esto con base en coordinaci\u00f3n entre los tres \u00f3rdenes de gobierno que permita concretar proyectos de beneficio para miles de familias de todas las demarcaciones.<\/h4>\n<p>As\u00ed como parte del Nuevo Acuerdo por el Bienestar y Desarrollo de Quintana Roo.<\/p>\n<p>\u201cGracias por su dedicaci\u00f3n a favor de las y los cancunenses, seguir construyendo una sociedad donde nadie se quede atr\u00e1s\u201d.<\/p>\n<p>Ademas que eso es lo que tenemos que hacer, llevar la transformaci\u00f3n de nuestro municipio a nuestro Estado\u201d, afirm\u00f3.<\/p>\n<p>La Presidenta Municipal record\u00f3 que apenas un d\u00eda antes, en Canc\u00fan se entregaron los nombramientos a los integrantes del Consejo Ciudadano de Planeaci\u00f3n Municipal.<\/p>\n<p>De los cuales tendr\u00e1n la tarea de participar en los dos foros de consulta ciudadana para la elaboraci\u00f3n del Plan Estatal de Desarrollo.<\/p>\n<p>Los cuales se har\u00e1n en Benito Ju\u00e1rez el pr\u00f3ximo 25 de noviembre.<\/p>\n<p>\u201cEn un proceso hist\u00f3rico, con este acto tambi\u00e9n cumplimos tambi\u00e9n con lo que marca la nueva Ley\u201d.<\/p>\n<p>\u201cAdemas que mi intenci\u00f3n de convocar la participaci\u00f3n de todas y fotos los cancunenses para la toma de decisiones trascendentes\u201d.<\/p>\n<p>Ya que se preparar\u00e1n propuestas de m\u00e1s obra p\u00fablica para nuestra ciudad en materia de rehabilitaci\u00f3n de:<\/p>\n<p>Parques, guarniciones, pavimentaci\u00f3n y recuperaci\u00f3n de espacios deportivos, entre otras, coment\u00f3 Gobierno de Canc\u00fan.<\/p>\n<p>&nbsp;<\/p>\n","protected":false},"excerpt":{"rendered":"<p>La Presidenta Municipal de Benito Ju\u00e1rez, Ana Patricia Peralta, atestigu\u00f3 la instalaci\u00f3n del Comit\u00e9 de Planeaci\u00f3n para el Desarrollo del Estado de Quintana Roo (COPLADE). Gobierno de Canc\u00fan: El cual elaborar\u00e1 el Plan Estatal de Desarrollo (PED) con el fin de trazar los objetivos, estrategias, l\u00edneas de acci\u00f3n. As\u00ed como de metas a cumplir para [&hellip;]<\/p>\n","protected":false},"author":1,"featured_media":10483,"comment_status":"open","ping_status":"closed","sticky":false,"template":"","format":"standard","meta":{"footnotes":""},"categories":[6,9,10],"tags":[],"class_list":["post-10481","post","type-post","status-publish","format-standard","has-post-thumbnail","hentry","category-local","category-politica","category-quintana-roo"],"_links":{"self":[{"href":"https:\/\/podernacional.com\/index.php?rest_route=\/wp\/v2\/posts\/10481","targetHints":{"allow":["GET"]}}],"collection":[{"href":"https:\/\/podernacional.com\/index.php?rest_route=\/wp\/v2\/posts"}],"about":[{"href":"https:\/\/podernacional.com\/index.php?rest_route=\/wp\/v2\/types\/post"}],"author":[{"embeddable":true,"href":"https:\/\/podernacional.com\/index.php?rest_route=\/wp\/v2\/users\/1"}],"replies":[{"embeddable":true,"href":"https:\/\/podernacional.com\/index.php?rest_route=%2Fwp%2Fv2%2Fcomments&post=10481"}],"version-history":[{"count":1,"href":"https:\/\/podernacional.com\/index.php?rest_route=\/wp\/v2\/posts\/10481\/revisions"}],"predecessor-version":[{"id":10482,"href":"https:\/\/podernacional.com\/index.php?rest_route=\/wp\/v2\/posts\/10481\/revisions\/10482"}],"wp:featuredmedia":[{"embeddable":true,"href":"https:\/\/podernacional.com\/index.php?rest_route=\/wp\/v2\/media\/10483"}],"wp:attachment":[{"href":"https:\/\/podernacional.com\/index.php?rest_route=%2Fwp%2Fv2%2Fmedia&parent=10481"}],"wp:term":[{"taxonomy":"category","embeddable":true,"href":"https:\/\/podernacional.com\/index.php?rest_route=%2Fwp%2Fv2%2Fcategories&post=10481"},{"taxonomy":"post_tag","embeddable":true,"href":"https:\/\/podernacional.com\/index.php?rest_route=%2Fwp%2Fv2%2Ftags&post=10481"}],"curies":[{"name":"wp","href":"https:\/\/api.w.org\/{rel}","templated":true}]}}