{"id":10484,"date":"2022-11-17T19:28:11","date_gmt":"2022-11-18T00:28:11","guid":{"rendered":"https:\/\/podernacional.com\/?p=10484"},"modified":"2022-11-18T00:28:13","modified_gmt":"2022-11-18T00:28:13","slug":"filux-yucatan-2022-fechas-sedes-artistas-y-todo-lo-que-debes-saber-sobre-el-festival-de-las-luces","status":"publish","type":"post","link":"https:\/\/podernacional.com\/?p=10484","title":{"rendered":"Filux Yucat\u00e1n 2022: Fechas, sedes, artistas y TODO lo que debes saber sobre el festival de las luces"},"content":{"rendered":"<h4>El Filux 2022 en Yucat\u00e1n comenzar\u00e1 a partir de la \u00faltima semana de noviembre<\/h4>\n<p>Filux Yucat\u00e1n 2022: Fechas, sedes, artistas y TODO lo que debes saber sobre el festival de las luces.<\/p>\n<p>El Filux 2022 llegar\u00e1 a Yucat\u00e1n a finales de noviembre.<\/p>\n<p>El festival de las luces FILUX 2022 llega una vez m\u00e1s a M\u00e9rida pero tambi\u00e9n a otros municipios de Yucat\u00e1n.<\/p>\n<p>As\u00ed como para el disfrute de los lugare\u00f1os y turistas.<\/p>\n<p>Ademas de quienes podr\u00e1n darse cita a este evento en distintos puntos del estado y en diferentes fechas.<\/p>\n<p>A\u00f1o con a\u00f1o el festival despierta gran entusiasmo entre la poblaci\u00f3n.<\/p>\n<p>Por lo que en esta nota te contamos todo lo que debes saber alrededor del evento: sedes, fechas, precio, entre otros.<\/p>\n<p>Desde el 2013, Filux es el primer festival internacional de las luces del continente realizado por Filux lab en alianza con instituciones.<\/p>\n<p>&nbsp;<\/p>\n<h4>As\u00ed como de\u00a0empresas para la creaci\u00f3n de proyectos culturales vinculados al cine y las artes visuales en Am\u00e9rica Latina.<\/h4>\n<p>Ademas de que indica la descripci\u00f3n del festival en su p\u00e1gina web.<\/p>\n<p>EDC M\u00e9xico 2023: Anuncian LINE UP oficial del festival y PRECIO de los boletos<\/p>\n<p>Corona Capital 2022: Estos son los HORARIOS oficiales por d\u00eda para el festival<\/p>\n<p>En la presentaci\u00f3n del festival, el director art\u00edstico fundador del Filux, David Di Bona detall\u00f3 que en esta edici\u00f3n.<\/p>\n<p>Ademas de que se tendr\u00e1 un paquete de 24 obras de arte con el uso de luz con proyecciones, video mapping, esculturas de luz, instalaciones.<\/p>\n<p>As\u00ed como de\u00a0iluminaci\u00f3n arquitect\u00f3nica, caminos de luz, cine, entre otras m\u00e1s que estar\u00e1n a lo largo de un camino de luz.<\/p>\n<p>Esto en cada municipio donde se presentar\u00e1.<\/p>\n<p>De acuerdo con un comunicado del gobierno de Yucat\u00e1n, en el evento se presentar\u00e1n obras de artistas nacionales como:<\/p>\n<p>Museum of the moon, Mandala labrador, Mandala Naya and Mandala Perrier; Intrude, Lo fortuito, Ecos, P\u00e1jaro toh, Viviendo la luz, Life.<\/p>\n<p>&nbsp;<\/p>\n<h4>Ademas de la Tradici\u00f3n que ilumina, Ataraxia, Faro, Lepidopter, Mana, Ausencia, Caminantes, Global rainbow, Solar flare, Primitivo, Lluvia, sol y refracci\u00f3n.<\/h4>\n<p>En el sendero de un jard\u00edn rocoso, El jard\u00edn secreto, Alienaci\u00f3n, Te quiero mucho, Rapitichiemih, Ni\u00f1os de dulce, adem\u00e1s de iluminaci\u00f3n arquitect\u00f3nica, e intervenciones comunitarias.<\/p>\n<p>Destaca una hermosa luna que mide 9 metros de di\u00e1metro realizado por un artista de Reino Unido con una impresi\u00f3n real 3D.<\/p>\n<p>La cual\u00a0que es r\u00e9plica de una fotograf\u00eda del sat\u00e9lite natural.<\/p>\n<p>Tambi\u00e9n se tendr\u00e1n piezas de conejos inflables de gran tama\u00f1o que le han dado la vuelta al mundo.<\/p>\n<p>Esto\u00a0el arco\u00edris global que mide 30 kil\u00f3metros de distancia y zonas lum\u00ednicas con las que los asistentes podr\u00e1n interactuar.<\/p>\n<p>&nbsp;<\/p>\n<h4>\u00bfCu\u00e1ndo es el Filux 2022 en Yucat\u00e1n?<\/h4>\n<p>Este festival que se llevar\u00e1 a cabo por primera vez en tres sedes diferentes en Yucat\u00e1n.<\/p>\n<p>A finales de noviembre llegar\u00e1 a M\u00e9rida, ya en diciembre se ir\u00e1 a Valladolid y terminar\u00e1 en Tekax. Estas son las fechas:<\/p>\n<p>M\u00e9rida, del 24 al 27 de noviembre<\/p>\n<p>Valladolid, del 1 al 4 de diciembre<\/p>\n<p>Tekax, del 8 al 10 de diciembre de 6 de la tarde a 11 de la noche.<\/p>\n","protected":false},"excerpt":{"rendered":"<p>El Filux 2022 en Yucat\u00e1n comenzar\u00e1 a partir de la \u00faltima semana de noviembre Filux Yucat\u00e1n 2022: Fechas, sedes, artistas y TODO lo que debes saber sobre el festival de las luces. El Filux 2022 llegar\u00e1 a Yucat\u00e1n a finales de noviembre. El festival de las luces FILUX 2022 llega una vez m\u00e1s a M\u00e9rida [&hellip;]<\/p>\n","protected":false},"author":1,"featured_media":10486,"comment_status":"open","ping_status":"closed","sticky":false,"template":"","format":"standard","meta":{"footnotes":""},"categories":[2,7],"tags":[],"class_list":["post-10484","post","type-post","status-publish","format-standard","has-post-thumbnail","hentry","category-cultural","category-nacional"],"_links":{"self":[{"href":"https:\/\/podernacional.com\/index.php?rest_route=\/wp\/v2\/posts\/10484","targetHints":{"allow":["GET"]}}],"collection":[{"href":"https:\/\/podernacional.com\/index.php?rest_route=\/wp\/v2\/posts"}],"about":[{"href":"https:\/\/podernacional.com\/index.php?rest_route=\/wp\/v2\/types\/post"}],"author":[{"embeddable":true,"href":"https:\/\/podernacional.com\/index.php?rest_route=\/wp\/v2\/users\/1"}],"replies":[{"embeddable":true,"href":"https:\/\/podernacional.com\/index.php?rest_route=%2Fwp%2Fv2%2Fcomments&post=10484"}],"version-history":[{"count":1,"href":"https:\/\/podernacional.com\/index.php?rest_route=\/wp\/v2\/posts\/10484\/revisions"}],"predecessor-version":[{"id":10485,"href":"https:\/\/podernacional.com\/index.php?rest_route=\/wp\/v2\/posts\/10484\/revisions\/10485"}],"wp:featuredmedia":[{"embeddable":true,"href":"https:\/\/podernacional.com\/index.php?rest_route=\/wp\/v2\/media\/10486"}],"wp:attachment":[{"href":"https:\/\/podernacional.com\/index.php?rest_route=%2Fwp%2Fv2%2Fmedia&parent=10484"}],"wp:term":[{"taxonomy":"category","embeddable":true,"href":"https:\/\/podernacional.com\/index.php?rest_route=%2Fwp%2Fv2%2Fcategories&post=10484"},{"taxonomy":"post_tag","embeddable":true,"href":"https:\/\/podernacional.com\/index.php?rest_route=%2Fwp%2Fv2%2Ftags&post=10484"}],"curies":[{"name":"wp","href":"https:\/\/api.w.org\/{rel}","templated":true}]}}