{"id":10499,"date":"2022-11-17T21:15:39","date_gmt":"2022-11-18T02:15:39","guid":{"rendered":"https:\/\/podernacional.com\/?p=10499"},"modified":"2022-11-18T02:15:41","modified_gmt":"2022-11-18T02:15:41","slug":"la-represion-del-9n-en-cancun-una-herida-que-no-se-cura","status":"publish","type":"post","link":"https:\/\/podernacional.com\/?p=10499","title":{"rendered":"La represi\u00f3n del 9N en Canc\u00fan, una herida que no se cura"},"content":{"rendered":"<h4>La noche del 9 de noviembre de 2020, en la explanada del palacio municipal.<\/h4>\n<p>La represi\u00f3n del 9N: Ya que un grupo de personas que protestaba por un caso de feminicidio fue recibido a balazos por agentes policiacos del mando \u00fanico.<\/p>\n<p>A dos a\u00f1os, s\u00f3lo una agente de polic\u00eda se encuentra detenida.<\/p>\n<p>La represi\u00f3n del 9N en Canc\u00fan, una herida que no se cura<\/p>\n<p>A dos a\u00f1os de la agresi\u00f3n policial armada cometida contra manifestantes y periodistas en la explanada del palacio municipal de Benito Ju\u00e1rez.<\/p>\n<p>Ademas que\u00a0s\u00f3lo una agente de polic\u00eda se encuentra detenida. Para las v\u00edctimas, la apuesta de la entonces alcaldesa y ahora gobernadora, Mara Lezama.<\/p>\n<p>As\u00ed como\u00a0es el desgaste para continuar en la impunidad. Tambi\u00e9n otras instancias, como la CNDH, se mantienen en silencio, denuncian los agraviados.<\/p>\n<p>La noche del 9 de noviembre de 2020, en la explanada del palacio municipal de esta ciudad, municipio de Benito Ju\u00e1rez.<\/p>\n<p>&nbsp;<\/p>\n<h4>Ya que\u00a0un grupo de personas que protestaba por un caso de feminicidio fue recibido a balazos por agentes policiacos del mando \u00fanico.<\/h4>\n<p>Jornada violenta en Quintana Roo; hallan a tres personas asesinadas en Canc\u00fan<\/p>\n<p>Agresiones, abusos sexuales.<\/p>\n<p>As\u00ed como de lesiones por impacto de proyectil de arma de fuego, tortura f\u00edsica.<\/p>\n<p>Ademas de psicol\u00f3gica fueron algunos de los tantos actos violentos a manos de polic\u00edas que sufrieron los manifestantes.<\/p>\n<p>El cual\u00a0entre quienes hab\u00eda feministas y periodistas que realizaban la cobertura del acto.<\/p>\n<p>Los mandos de los uniformados no han esclarecido qui\u00e9n orden\u00f3 el ataque; entre esas autoridades se encuentra la hoy gobernadora de Quintana Roo.<\/p>\n<p>Mara Lezama Espinosa (Morena), quien durante la represi\u00f3n era la alcaldesa de Benito Ju\u00e1rez.<\/p>\n<p>Hasta ahora las v\u00edctimas no han encontrado justicia ni reparaci\u00f3n del da\u00f1o que al menos les permita continuar su vida normal.<\/p>\n<p>Son 13 las personas que buscan que el Estado mexicano les repare el da\u00f1o.<\/p>\n<p>&nbsp;<\/p>\n<h4>De ellas, tres fueron heridas de bala por polic\u00edas, ocho sufrieron detenci\u00f3n arbitraria.<\/h4>\n<p>As\u00ed como\u00a0dos mujeres sufrieron agresiones sexuales durante la aprehensi\u00f3n policiaca.<\/p>\n<p>Al igual que dos personas m\u00e1s tuvieron da\u00f1os colaterales, con lesiones f\u00edsicas sufridas al momento de huir de los balazos.<\/p>\n<p>La demanda es a\u00fan m\u00e1s grave pues las v\u00edctimas se\u00f1alan que esos actos de represi\u00f3n fueron realizados ante la presencia de efectivos de la Guardia Nacional.<\/p>\n<p>Dichos\u00a0quienes s\u00f3lo observaron el ataque policial.<\/p>\n<p>Por los hechos violentos dos carpetas de investigaci\u00f3n han sido integradas en la Fiscal\u00eda General del Estado de Quintana Roo, con 14 polic\u00edas se\u00f1alados.<\/p>\n<p>As\u00ed como\u00a0una recomendaci\u00f3n de la Comisi\u00f3n de los Derechos Humanos de la entidad al municipio de Benito Ju\u00e1rez, que no satisfizo a las v\u00edctimas.<\/p>\n<p>Por ende,\u00a013 demandas de amparo contra diversas autoridades responsables, que la justicia federal a\u00fan no resuelve de manera satisfactoria para los quejosos.<\/p>\n<p>Como resultado de las anteriores acciones legales, s\u00f3lo una mujer polic\u00eda ha sido detenida.<\/p>\n","protected":false},"excerpt":{"rendered":"<p>La noche del 9 de noviembre de 2020, en la explanada del palacio municipal. La represi\u00f3n del 9N: Ya que un grupo de personas que protestaba por un caso de feminicidio fue recibido a balazos por agentes policiacos del mando \u00fanico. A dos a\u00f1os, s\u00f3lo una agente de polic\u00eda se encuentra detenida. La represi\u00f3n del [&hellip;]<\/p>\n","protected":false},"author":1,"featured_media":10501,"comment_status":"open","ping_status":"closed","sticky":false,"template":"","format":"standard","meta":{"footnotes":""},"categories":[6,8,9,10],"tags":[],"class_list":["post-10499","post","type-post","status-publish","format-standard","has-post-thumbnail","hentry","category-local","category-policia","category-politica","category-quintana-roo"],"_links":{"self":[{"href":"https:\/\/podernacional.com\/index.php?rest_route=\/wp\/v2\/posts\/10499","targetHints":{"allow":["GET"]}}],"collection":[{"href":"https:\/\/podernacional.com\/index.php?rest_route=\/wp\/v2\/posts"}],"about":[{"href":"https:\/\/podernacional.com\/index.php?rest_route=\/wp\/v2\/types\/post"}],"author":[{"embeddable":true,"href":"https:\/\/podernacional.com\/index.php?rest_route=\/wp\/v2\/users\/1"}],"replies":[{"embeddable":true,"href":"https:\/\/podernacional.com\/index.php?rest_route=%2Fwp%2Fv2%2Fcomments&post=10499"}],"version-history":[{"count":1,"href":"https:\/\/podernacional.com\/index.php?rest_route=\/wp\/v2\/posts\/10499\/revisions"}],"predecessor-version":[{"id":10500,"href":"https:\/\/podernacional.com\/index.php?rest_route=\/wp\/v2\/posts\/10499\/revisions\/10500"}],"wp:featuredmedia":[{"embeddable":true,"href":"https:\/\/podernacional.com\/index.php?rest_route=\/wp\/v2\/media\/10501"}],"wp:attachment":[{"href":"https:\/\/podernacional.com\/index.php?rest_route=%2Fwp%2Fv2%2Fmedia&parent=10499"}],"wp:term":[{"taxonomy":"category","embeddable":true,"href":"https:\/\/podernacional.com\/index.php?rest_route=%2Fwp%2Fv2%2Fcategories&post=10499"},{"taxonomy":"post_tag","embeddable":true,"href":"https:\/\/podernacional.com\/index.php?rest_route=%2Fwp%2Fv2%2Ftags&post=10499"}],"curies":[{"name":"wp","href":"https:\/\/api.w.org\/{rel}","templated":true}]}}