{"id":10526,"date":"2022-11-19T13:46:15","date_gmt":"2022-11-19T18:46:15","guid":{"rendered":"https:\/\/podernacional.com\/?p=10526"},"modified":"2022-11-19T18:46:17","modified_gmt":"2022-11-19T18:46:17","slug":"la-pelicula-broker-inaugura-este-domingo-la-51-edicion-del-festival-internacional-de-cine-de-cartagena","status":"publish","type":"post","link":"https:\/\/podernacional.com\/?p=10526","title":{"rendered":"La pel\u00edcula &#8216;Broker&#8217; inaugura este domingo la 51 edici\u00f3n del Festival Internacional de Cine de Cartagena"},"content":{"rendered":"<h4>Por el FICC pasar\u00e1n 60 films, entre largos y cortos, actividades paralelas, y cineastas que presentar\u00e1n sus trabajos en el festival<\/h4>\n<p>La pel\u00edcula encargada de inaugurar la 51 edici\u00f3n del Festival Internacional de Cine de Cartagena es &#8216;Broker&#8217;, del japon\u00e9s Hirozaku Kore-eda:<\/p>\n<p>El cual es un drama con tintes de comedia que cuenta con un elenco estelar encabezado por Song Kang-ho, el aclamado protagonista de &#8216;Par\u00e1sitos&#8217;.<\/p>\n<p>El cual\u00a0se hizo con el premio a Mejor Actor en la \u00faltima edici\u00f3n del Festival de Cannes.<\/p>\n<p>La cinta gira en torno a la familia y cuenta la historia de una joven.<\/p>\n<p>El cual\u00a0que abandona a su beb\u00e9 a las puertas de una iglesia una noche lluviosa.<\/p>\n<p>El reci\u00e9n nacido es recogido por dos hombres que se dedican a robar beb\u00e9s abandonados para venderlos a padres dispuestos a pagar una tarifa.<\/p>\n<p>Cuando la joven regresa a la iglesia, arrepentida, descubre el negocio ilegal de ambos hombres.<\/p>\n<p>Con esto\u00a0decide unirse a ellos para encontrar a los padres adoptivos m\u00e1s adecuados.<\/p>\n<p>&nbsp;<\/p>\n<h4>En este inusual viaje por carretera, el destino de los que se crucen en la vida del ni\u00f1o cambiar\u00e1 radicalmente.<\/h4>\n<p>El director, Hirokazu Koreeda, quer\u00eda ser novelista, pero tras graduarse en la Universidad de Waseda trabaj\u00f3 como asistente de direcci\u00f3n.<\/p>\n<p>Los cuales son\u00a0de documentales para TV Man Union y esto cambi\u00f3 su trayectoria profesional. En 1991 dirigi\u00f3 su primera pel\u00edcula.<\/p>\n<p>Ha producido pel\u00edculas para los directores Miwa Nishikawa y Yusuke Iseya.<\/p>\n<p>Con su pel\u00edcula &#8216;Nuestra hermana peque\u00f1a&#8217; obtuvo el Premio del P\u00fablico en el Festival de Cine San Sebasti\u00e1n en 2015.<\/p>\n<p>As\u00ed como\u00a0la Palma de Oro en el 2018 con &#8216;Un asunto de familia&#8217;.<\/p>\n<p>Su pel\u00edcula &#8216;Broker&#8217; obtuvo en Cannes el premio al Mejor Actor en el 2022.<\/p>\n<p>&nbsp;<\/p>\n<h4>PRESENTACI\u00d3N DE CORTOS Y LARGOS<\/h4>\n<p>El FICC contar\u00e1 con la presencia de cineastas que presentar\u00e1n en Cartagena sus pel\u00edculas.<\/p>\n<p>En concreto, adem\u00e1s de todas las actividades paralelas, pasar\u00e1n por Cartagena m\u00e1s de 60 cinematogr\u00e1ficos, entre largos y cortos.<\/p>\n<p>Para este lunes, est\u00e1 prevista la proyecci\u00f3n del corto &#8216;Karim&#8217;, de Gonzalo Ballester, a las 18.00 horas, en el Luzzy.<\/p>\n<p>Con esto, el martes largometraje &#8216;El que sabem&#8217; (21.00 horas, el Batel), presentado por el director Jordi N\u00fa\u00f1ez, el actor Javier Amann.<\/p>\n<p>Ademas del productor Marco Lled\u00f3; el mi\u00e9rcoles &#8216;Cosas de chicos&#8217; (18.00 horas, el Batel), con la presencia de su directora Raquel Colera.<\/p>\n","protected":false},"excerpt":{"rendered":"<p>Por el FICC pasar\u00e1n 60 films, entre largos y cortos, actividades paralelas, y cineastas que presentar\u00e1n sus trabajos en el festival La pel\u00edcula encargada de inaugurar la 51 edici\u00f3n del Festival Internacional de Cine de Cartagena es &#8216;Broker&#8217;, del japon\u00e9s Hirozaku Kore-eda: El cual es un drama con tintes de comedia que cuenta con un [&hellip;]<\/p>\n","protected":false},"author":1,"featured_media":10528,"comment_status":"open","ping_status":"closed","sticky":false,"template":"","format":"standard","meta":{"footnotes":""},"categories":[2,5],"tags":[],"class_list":["post-10526","post","type-post","status-publish","format-standard","has-post-thumbnail","hentry","category-cultural","category-internacional"],"_links":{"self":[{"href":"https:\/\/podernacional.com\/index.php?rest_route=\/wp\/v2\/posts\/10526","targetHints":{"allow":["GET"]}}],"collection":[{"href":"https:\/\/podernacional.com\/index.php?rest_route=\/wp\/v2\/posts"}],"about":[{"href":"https:\/\/podernacional.com\/index.php?rest_route=\/wp\/v2\/types\/post"}],"author":[{"embeddable":true,"href":"https:\/\/podernacional.com\/index.php?rest_route=\/wp\/v2\/users\/1"}],"replies":[{"embeddable":true,"href":"https:\/\/podernacional.com\/index.php?rest_route=%2Fwp%2Fv2%2Fcomments&post=10526"}],"version-history":[{"count":1,"href":"https:\/\/podernacional.com\/index.php?rest_route=\/wp\/v2\/posts\/10526\/revisions"}],"predecessor-version":[{"id":10527,"href":"https:\/\/podernacional.com\/index.php?rest_route=\/wp\/v2\/posts\/10526\/revisions\/10527"}],"wp:featuredmedia":[{"embeddable":true,"href":"https:\/\/podernacional.com\/index.php?rest_route=\/wp\/v2\/media\/10528"}],"wp:attachment":[{"href":"https:\/\/podernacional.com\/index.php?rest_route=%2Fwp%2Fv2%2Fmedia&parent=10526"}],"wp:term":[{"taxonomy":"category","embeddable":true,"href":"https:\/\/podernacional.com\/index.php?rest_route=%2Fwp%2Fv2%2Fcategories&post=10526"},{"taxonomy":"post_tag","embeddable":true,"href":"https:\/\/podernacional.com\/index.php?rest_route=%2Fwp%2Fv2%2Ftags&post=10526"}],"curies":[{"name":"wp","href":"https:\/\/api.w.org\/{rel}","templated":true}]}}