{"id":10535,"date":"2022-11-19T14:03:41","date_gmt":"2022-11-19T19:03:41","guid":{"rendered":"https:\/\/podernacional.com\/?p=10535"},"modified":"2022-11-19T19:03:43","modified_gmt":"2022-11-19T19:03:43","slug":"con-80-peliculas-de-25-paises-arranco-el-9-festival-internacional-de-cine-por-los-derechos-humanos","status":"publish","type":"post","link":"https:\/\/podernacional.com\/?p=10535","title":{"rendered":"Con 80 pel\u00edculas de 25 pa\u00edses, arranc\u00f3 el 9.\u00b0 Festival Internacional de Cine por los Derechos Humanos."},"content":{"rendered":"<h4>De la selecci\u00f3n oficial de esta versi\u00f3n hacen parte 80 pel\u00edculas de 25 pa\u00edses..<\/h4>\n<p>Festival Internacional de Cine por los Derechos: Escenarios en Bogot\u00e1, Medell\u00edn, Cartagena, Barranquilla, Manizales, Pereira y Villavicencio, y 11 municipios m\u00e1s del territorio colombiano.<\/p>\n<p>Los cuales\u00a0se engalanan con el 9.\u00b0 Festival Internacional de Cine por los Derechos Humanos \u2013 Colombia.<\/p>\n<p>La cual la\u00a0FICDEH 2022 que se realizar\u00e1 hasta el pr\u00f3ximo 25 de noviembre.<\/p>\n<p>Durante los pr\u00f3ximos d\u00edas el pa\u00eds latir\u00e1 con historias que reivindican la vida y le apuestan a la construcci\u00f3n de paz.<\/p>\n<p>En esta oportunidad se tendr\u00e1n cerca de 300 funciones gratuitas, talleres de formaci\u00f3n, encuentros con directos.<\/p>\n<p>Ademas de charlas con expertos invitados, masterclass y una nutrida agenda cultural.<\/p>\n<p>Para esta novena versi\u00f3n participan en la selecci\u00f3n oficial 80 pel\u00edculas de 25 pa\u00edses, en 8 categor\u00edas:<\/p>\n<p>24 mujeres directoras, 34 estrenos y 47 pel\u00edculas colombianas.<\/p>\n<p>&nbsp;<\/p>\n<h4>\u201cTendremos talleres sobre c\u00f3mo planear, rodar y editar un proyecto documental,\u00a0otro de desarrollo de ideas para cortometraje con \u00e9nfasis en derechos humanos, por ejemplo\u201d.<\/h4>\n<p>\u201cTendremos reconocidos invitadxs, es el caso de Carlos Medina \u2018Fagua\u2019\u201d, dijo Diana Arias, directora del FICDEH.<\/p>\n<p>De la agenda cultural se puede mencionar que en Barranquilla se llevar\u00e1 a cabo la presentaci\u00f3n de Las Raras del folclor.<\/p>\n<p>Ademas\u00a0del Colectivo Raras No Tan Raras.<\/p>\n<p>La cual es\u00a0una apuesta activista que busca, desde la m\u00fasica aut\u00f3ctona caribe\u00f1a, impulsar la participaci\u00f3n de las mujeres LBT.<\/p>\n<p>Esto en espacios que han sido hist\u00f3ricamente masculinizados, heteronormados y binarios.<\/p>\n<p>As\u00ed como tambi\u00e9n habr\u00e1 significativas espacios en ciudades como Cartagena y Bogot\u00e1.<\/p>\n<p>Asimismo, habr\u00e1 lugar para \u2018Charlas que unen\u2019, donde m\u00e1s de 80 invitados entre cineastas, guionistas, artistas, defensores de derechos humanos.<\/p>\n<p>As\u00ed mismo como de\u00a0expertxs, l\u00edderes y lideresas sociales conversar\u00e1n sobre diversas tem\u00e1ticas coyunturales en la actualidad.<\/p>\n<p>Esto como lo es la interrupci\u00f3n voluntaria del embarazo y la representaci\u00f3n de la comunidad Lgbtiq+.<\/p>\n<p>As\u00ed como lo manifiesta Diana Arias, el FICDEH ha venido promoviendo la defensa, protecci\u00f3n y difusi\u00f3n de los derechos humanos, con enfoques diferenciales.<\/p>\n<p>Adem\u00e1s, se posiciona como la \u00a0exhibici\u00f3n de pel\u00edculas con enfoque en derechos humanos m\u00e1s grande del pa\u00eds.<\/p>\n","protected":false},"excerpt":{"rendered":"<p>De la selecci\u00f3n oficial de esta versi\u00f3n hacen parte 80 pel\u00edculas de 25 pa\u00edses.. Festival Internacional de Cine por los Derechos: Escenarios en Bogot\u00e1, Medell\u00edn, Cartagena, Barranquilla, Manizales, Pereira y Villavicencio, y 11 municipios m\u00e1s del territorio colombiano. Los cuales\u00a0se engalanan con el 9.\u00b0 Festival Internacional de Cine por los Derechos Humanos \u2013 Colombia. La [&hellip;]<\/p>\n","protected":false},"author":1,"featured_media":10537,"comment_status":"open","ping_status":"closed","sticky":false,"template":"","format":"standard","meta":{"footnotes":""},"categories":[2,5],"tags":[],"class_list":["post-10535","post","type-post","status-publish","format-standard","has-post-thumbnail","hentry","category-cultural","category-internacional"],"_links":{"self":[{"href":"https:\/\/podernacional.com\/index.php?rest_route=\/wp\/v2\/posts\/10535","targetHints":{"allow":["GET"]}}],"collection":[{"href":"https:\/\/podernacional.com\/index.php?rest_route=\/wp\/v2\/posts"}],"about":[{"href":"https:\/\/podernacional.com\/index.php?rest_route=\/wp\/v2\/types\/post"}],"author":[{"embeddable":true,"href":"https:\/\/podernacional.com\/index.php?rest_route=\/wp\/v2\/users\/1"}],"replies":[{"embeddable":true,"href":"https:\/\/podernacional.com\/index.php?rest_route=%2Fwp%2Fv2%2Fcomments&post=10535"}],"version-history":[{"count":1,"href":"https:\/\/podernacional.com\/index.php?rest_route=\/wp\/v2\/posts\/10535\/revisions"}],"predecessor-version":[{"id":10536,"href":"https:\/\/podernacional.com\/index.php?rest_route=\/wp\/v2\/posts\/10535\/revisions\/10536"}],"wp:featuredmedia":[{"embeddable":true,"href":"https:\/\/podernacional.com\/index.php?rest_route=\/wp\/v2\/media\/10537"}],"wp:attachment":[{"href":"https:\/\/podernacional.com\/index.php?rest_route=%2Fwp%2Fv2%2Fmedia&parent=10535"}],"wp:term":[{"taxonomy":"category","embeddable":true,"href":"https:\/\/podernacional.com\/index.php?rest_route=%2Fwp%2Fv2%2Fcategories&post=10535"},{"taxonomy":"post_tag","embeddable":true,"href":"https:\/\/podernacional.com\/index.php?rest_route=%2Fwp%2Fv2%2Ftags&post=10535"}],"curies":[{"name":"wp","href":"https:\/\/api.w.org\/{rel}","templated":true}]}}