{"id":10538,"date":"2022-11-19T14:51:54","date_gmt":"2022-11-19T19:51:54","guid":{"rendered":"https:\/\/podernacional.com\/?p=10538"},"modified":"2022-11-19T19:51:56","modified_gmt":"2022-11-19T19:51:56","slug":"empresarios-de-quintana-roo-apoyan-la-ampliacion-de-vacaciones-en-forma-paulatina","status":"publish","type":"post","link":"https:\/\/podernacional.com\/?p=10538","title":{"rendered":"Empresarios de Quintana Roo apoyan la ampliaci\u00f3n de vacaciones en forma paulatina"},"content":{"rendered":"<h4>En Canc\u00fan, Q. Roo.- Se se\u00f1al\u00f3 que aplaude la ampliaci\u00f3n de vacaciones para los trabajadores.<\/h4>\n<p>Empresarios de Quintana Roo: Esto sin embargo, solicita que se analice este tema para no afectar a las <a href=\"https:\/\/mipymes.economia.gob.mx\/\">mipymes<\/a>.<\/p>\n<p>Ademas, ya que generan el 70 por ciento de la econom\u00eda y la generaci\u00f3n de empleos a nivel nacional.<\/p>\n<p>Pues la pandemia incremento un 30 por ciento la cifra de empresas que tienen desde uno hasta 20 colaboradores.<\/p>\n<p>Si mencion\u00f3 que sin duda es ben\u00e9fico para los trabajadores.<\/p>\n<p>Esto aunque si no se realiza de manera gradual u ordenada ocasionar\u00eda que las mipymes no logren contratar a personas.<\/p>\n<p>Ademas que para que suplan a sus colaboradores los d\u00edas extras.<\/p>\n<p>El sector propone que sea paulatino iniciando con nueve d\u00edas el primer a\u00f1o.<\/p>\n<p>Luego 12 para que el sistema se vaya ajustando, a fin de evitar grandes afectaciones al poner en riesgo la sustentabilidad financiera.<\/p>\n<p>Empresarios de Quintana Roo apoyan la ampliaci\u00f3n de vacaciones en forma paulatina<\/p>\n<p>&nbsp;<\/p>\n<h4>Es decir, ejemplificaron, que entre en vigor hasta el 2023 y pase de seis a nueve d\u00edas.<\/h4>\n<p>As\u00ed comoya para un siguiente a\u00f1o entonces s\u00ed a los 12 d\u00edas que se proponen, porque s\u00ed es necesario.<\/p>\n<p>Pero se requiere un orden para su correcta implementaci\u00f3n.<\/p>\n<p>\u201cCreemos que los colaboradores tienen derecho a vacaciones dignas, creemos que los colaboradores tienen y tenemos derecho a la desconexi\u00f3n\u201d.<\/p>\n<p>\u201cAdemas de que si llega s\u00e1bado, domingo, tienes derecho a poner tu celular en modo avi\u00f3n y no contestar una llamada\u201d.<\/p>\n<p>\u201cEsto nos lleva en esta reforma a las vacaciones dignas y estamos de acuerdo porque est\u00e1 ligado a la productividad de la gente\u201d, corrobor\u00f3 Fr\u00edas.<\/p>\n<p>As\u00ed como el presidente de la Confederaci\u00f3n Patronal de la Rep\u00fablica Mexicana (Coparmex) en Canc\u00fan.<\/p>\n<p>&nbsp;<\/p>\n","protected":false},"excerpt":{"rendered":"<p>En Canc\u00fan, Q. Roo.- Se se\u00f1al\u00f3 que aplaude la ampliaci\u00f3n de vacaciones para los trabajadores. Empresarios de Quintana Roo: Esto sin embargo, solicita que se analice este tema para no afectar a las mipymes. Ademas, ya que generan el 70 por ciento de la econom\u00eda y la generaci\u00f3n de empleos a nivel nacional. Pues la [&hellip;]<\/p>\n","protected":false},"author":1,"featured_media":10540,"comment_status":"open","ping_status":"closed","sticky":false,"template":"","format":"standard","meta":{"footnotes":""},"categories":[6,9,10],"tags":[],"class_list":["post-10538","post","type-post","status-publish","format-standard","has-post-thumbnail","hentry","category-local","category-politica","category-quintana-roo"],"_links":{"self":[{"href":"https:\/\/podernacional.com\/index.php?rest_route=\/wp\/v2\/posts\/10538","targetHints":{"allow":["GET"]}}],"collection":[{"href":"https:\/\/podernacional.com\/index.php?rest_route=\/wp\/v2\/posts"}],"about":[{"href":"https:\/\/podernacional.com\/index.php?rest_route=\/wp\/v2\/types\/post"}],"author":[{"embeddable":true,"href":"https:\/\/podernacional.com\/index.php?rest_route=\/wp\/v2\/users\/1"}],"replies":[{"embeddable":true,"href":"https:\/\/podernacional.com\/index.php?rest_route=%2Fwp%2Fv2%2Fcomments&post=10538"}],"version-history":[{"count":1,"href":"https:\/\/podernacional.com\/index.php?rest_route=\/wp\/v2\/posts\/10538\/revisions"}],"predecessor-version":[{"id":10539,"href":"https:\/\/podernacional.com\/index.php?rest_route=\/wp\/v2\/posts\/10538\/revisions\/10539"}],"wp:featuredmedia":[{"embeddable":true,"href":"https:\/\/podernacional.com\/index.php?rest_route=\/wp\/v2\/media\/10540"}],"wp:attachment":[{"href":"https:\/\/podernacional.com\/index.php?rest_route=%2Fwp%2Fv2%2Fmedia&parent=10538"}],"wp:term":[{"taxonomy":"category","embeddable":true,"href":"https:\/\/podernacional.com\/index.php?rest_route=%2Fwp%2Fv2%2Fcategories&post=10538"},{"taxonomy":"post_tag","embeddable":true,"href":"https:\/\/podernacional.com\/index.php?rest_route=%2Fwp%2Fv2%2Ftags&post=10538"}],"curies":[{"name":"wp","href":"https:\/\/api.w.org\/{rel}","templated":true}]}}