{"id":10553,"date":"2022-11-22T17:50:04","date_gmt":"2022-11-22T22:50:04","guid":{"rendered":"https:\/\/podernacional.com\/?p=10553"},"modified":"2022-11-22T22:50:06","modified_gmt":"2022-11-22T22:50:06","slug":"festival-navideno-menonita-todo-lo-que-debes-saber-antes-de-lanzarte-a-cuauhtemoc","status":"publish","type":"post","link":"https:\/\/podernacional.com\/?p=10553","title":{"rendered":"Festival Navide\u00f1o Menonita: Todo lo que debes saber antes de lanzarte a Cuauht\u00e9moc"},"content":{"rendered":"<h4>El corredor comercial de Ciudad Cuauht\u00e9moc, se ba\u00f1a de luz y color con el esperado festival y mercado navide\u00f1o en el Museo Menonita<\/h4>\n<p>Festival Navide\u00f1o Menonita: Sin duda, \u00e9ste ha sido un a\u00f1o de muchas alegr\u00edas para la comunidad Menonita mexicana.<\/p>\n<p>De los\u00a0quienes recientemente festejaron el centenario de su arribo a este pa\u00eds.<\/p>\n<p>As\u00ed como sus logros en materia de agricultura e industria, en el estado de Chihuahua.<\/p>\n<p>Por ello como parte de sus m\u00faltiples jornadas culturales, desean finalizar este 2022, con una serie de magno eventos.<\/p>\n<p>Lugar donde invitan a todos los habitantes de la regi\u00f3n a sumarse a la alegr\u00eda del esp\u00edritu navide\u00f1o.<\/p>\n<p>Con ocasi\u00f3n de ello, el Museo Menonita, las principales empresas de la comarca, Secretaria de Cultura y el Microtel By Wyndham.<\/p>\n<p>Ademas de que\u00a0exhortan a todas las personas interesadas a pasar una semana inolvidable entre verbenas, desfiles, vendimias.<\/p>\n<p>&nbsp;<\/p>\n<h4>As\u00ed como\u00a0el encendido del \u00e1rbol de navidad los d\u00edas 2, 3, 8 y 10 de diciembre en sus diferentes sedes. Te contamos.<\/h4>\n<p>Compras navide\u00f1as con toque artesanal 2 y 3 de diciembre<\/p>\n<p>Si por alguna raz\u00f3n a\u00fan no has tenido tiempo de adquirir los regalos para tus seres queridos para el intercambio de navidad.<\/p>\n<p>Por ende es que\u00a0esta es la ocasi\u00f3n perfecta de comprar manualidades, reposter\u00eda, adornos o prendas t\u00edpicas menonitas como overoles, pa\u00f1oletas y vestidos.<\/p>\n<p>Por ende se menciona\u00a0que sin duda ser\u00e1n una revelaci\u00f3n para quien los reciba.<\/p>\n<p>El mercado navide\u00f1o ser\u00e1 en el Corredor Comercial en el km14 de la Colonia Manitoba el viernes 2.<\/p>\n<p>Con esto en el\u00a0s\u00e1bado 3 de diciembre de 10 a.m a 7 p.m. en el Hoffnungs Heim Gym.<\/p>\n<p>All\u00ed encontrar\u00e1s de todo, pero principalmente reposter\u00eda y productos de estaci\u00f3n, elaborados por las mujeres menonitas emprendedoras.<\/p>\n<p>Festival Navide\u00f1o Menonita: Todo lo que debes saber antes de lanzarte a Cuauht\u00e9moc<\/p>\n","protected":false},"excerpt":{"rendered":"<p>El corredor comercial de Ciudad Cuauht\u00e9moc, se ba\u00f1a de luz y color con el esperado festival y mercado navide\u00f1o en el Museo Menonita Festival Navide\u00f1o Menonita: Sin duda, \u00e9ste ha sido un a\u00f1o de muchas alegr\u00edas para la comunidad Menonita mexicana. De los\u00a0quienes recientemente festejaron el centenario de su arribo a este pa\u00eds. As\u00ed como [&hellip;]<\/p>\n","protected":false},"author":1,"featured_media":10555,"comment_status":"open","ping_status":"closed","sticky":false,"template":"","format":"standard","meta":{"footnotes":""},"categories":[2,5],"tags":[],"class_list":["post-10553","post","type-post","status-publish","format-standard","has-post-thumbnail","hentry","category-cultural","category-internacional"],"_links":{"self":[{"href":"https:\/\/podernacional.com\/index.php?rest_route=\/wp\/v2\/posts\/10553","targetHints":{"allow":["GET"]}}],"collection":[{"href":"https:\/\/podernacional.com\/index.php?rest_route=\/wp\/v2\/posts"}],"about":[{"href":"https:\/\/podernacional.com\/index.php?rest_route=\/wp\/v2\/types\/post"}],"author":[{"embeddable":true,"href":"https:\/\/podernacional.com\/index.php?rest_route=\/wp\/v2\/users\/1"}],"replies":[{"embeddable":true,"href":"https:\/\/podernacional.com\/index.php?rest_route=%2Fwp%2Fv2%2Fcomments&post=10553"}],"version-history":[{"count":1,"href":"https:\/\/podernacional.com\/index.php?rest_route=\/wp\/v2\/posts\/10553\/revisions"}],"predecessor-version":[{"id":10554,"href":"https:\/\/podernacional.com\/index.php?rest_route=\/wp\/v2\/posts\/10553\/revisions\/10554"}],"wp:featuredmedia":[{"embeddable":true,"href":"https:\/\/podernacional.com\/index.php?rest_route=\/wp\/v2\/media\/10555"}],"wp:attachment":[{"href":"https:\/\/podernacional.com\/index.php?rest_route=%2Fwp%2Fv2%2Fmedia&parent=10553"}],"wp:term":[{"taxonomy":"category","embeddable":true,"href":"https:\/\/podernacional.com\/index.php?rest_route=%2Fwp%2Fv2%2Fcategories&post=10553"},{"taxonomy":"post_tag","embeddable":true,"href":"https:\/\/podernacional.com\/index.php?rest_route=%2Fwp%2Fv2%2Ftags&post=10553"}],"curies":[{"name":"wp","href":"https:\/\/api.w.org\/{rel}","templated":true}]}}