{"id":10562,"date":"2022-11-22T18:16:10","date_gmt":"2022-11-22T23:16:10","guid":{"rendered":"https:\/\/podernacional.com\/?p=10562"},"modified":"2022-11-22T23:16:12","modified_gmt":"2022-11-22T23:16:12","slug":"el-9o-encuentro-internacional-de-clown-estara-conformado-en-su-mayoria-por-mujeres","status":"publish","type":"post","link":"https:\/\/podernacional.com\/?p=10562","title":{"rendered":"El 9\u00ba Encuentro Internacional de Clown estar\u00e1 conformado en su mayor\u00eda por mujeres"},"content":{"rendered":"<h4>Del 30 de noviembre al 4 de diciembre podr\u00e1s disfrutar del \u00a0<a href=\"https:\/\/www.helenico.gob.mx\/9o-encuentro-internacional-de-clown\/\">9.\u00ba Encuentro Internacional de Clown<\/a> con Argentina, Italia y Francia como pa\u00edses invitados.<\/h4>\n<p>Encuentro Internacional de Clown: As\u00ed como de tres talleres enfocados en la creaci\u00f3n del payaso, la emoci\u00f3n y el trabajo f\u00edsico del clown.<\/p>\n<p>Esta ma\u00f1ana, en conferencia de prensa, Antonio Z\u00fa\u00f1iga, director del Centro Cultural Hel\u00e9nico.<\/p>\n<p>El cual afirm\u00f3 que este encuentro es integrado en su mayor\u00eda por mujeres, artistas multidisciplinarias que han dedicado su vida a este tipo de arte.<\/p>\n<p>Ademas de quienes invitar\u00e1n a la creaci\u00f3n e imaginaci\u00f3n a partir de su mirada.<\/p>\n<p>\u201cEste festival nos ha dado muchas satisfacciones durante todos estos a\u00f1os de vida, con una afluencia de p\u00fablico important\u00edsima\u201d.<\/p>\n<p>&nbsp;<\/p>\n<h4>\u201cTambi\u00e9n es un festival de cierre de nuestras actividades, con este encuentro festejamos una labor ardua de labores\u201d, expres\u00f3.<\/h4>\n<p>\u201cNo es una coincidencia, es una ense\u00f1anza de los tiempos, que en esta ocasi\u00f3n el festival\u201d.<\/p>\n<p>\u201cAl igual de que\u00a0se lleve a cabo con la interpretaci\u00f3n de puras payasas, en su mayor\u00eda, hecho que nos hace sentir sumamente contentos\u201d.<\/p>\n<p>\u201cVenimos de tiempos muy dif\u00edciles, por eso es importante seguir riendo\u201d, agreg\u00f3.<\/p>\n<p>Cabe destacar que este festejo culminar\u00e1 con la presentaci\u00f3n de Las clownescas, grupo conformado por:<\/p>\n<p>Darina Robles, Payasa Caquita, Sopa de Clown, Cecilia Nore\u00f1a, Nohem\u00ed Espinosa, Janna Dom\u00ednguez, Jaqueline Partida, Montserrat Venavidez.<\/p>\n<p>As\u00ed mismo como de:<\/p>\n<p>Mar\u00eda Gorostizaga, Pao la Fisita e Ix-chel Mu\u00f1oz, quienes presentar\u00e1n una gala de lo m\u00e1s representativo en la escena del clown mexicano, hecho por mujeres.<\/p>\n","protected":false},"excerpt":{"rendered":"<p>Del 30 de noviembre al 4 de diciembre podr\u00e1s disfrutar del \u00a09.\u00ba Encuentro Internacional de Clown con Argentina, Italia y Francia como pa\u00edses invitados. Encuentro Internacional de Clown: As\u00ed como de tres talleres enfocados en la creaci\u00f3n del payaso, la emoci\u00f3n y el trabajo f\u00edsico del clown. Esta ma\u00f1ana, en conferencia de prensa, Antonio Z\u00fa\u00f1iga, [&hellip;]<\/p>\n","protected":false},"author":1,"featured_media":10564,"comment_status":"open","ping_status":"closed","sticky":false,"template":"","format":"standard","meta":{"footnotes":""},"categories":[2,5],"tags":[],"class_list":["post-10562","post","type-post","status-publish","format-standard","has-post-thumbnail","hentry","category-cultural","category-internacional"],"_links":{"self":[{"href":"https:\/\/podernacional.com\/index.php?rest_route=\/wp\/v2\/posts\/10562","targetHints":{"allow":["GET"]}}],"collection":[{"href":"https:\/\/podernacional.com\/index.php?rest_route=\/wp\/v2\/posts"}],"about":[{"href":"https:\/\/podernacional.com\/index.php?rest_route=\/wp\/v2\/types\/post"}],"author":[{"embeddable":true,"href":"https:\/\/podernacional.com\/index.php?rest_route=\/wp\/v2\/users\/1"}],"replies":[{"embeddable":true,"href":"https:\/\/podernacional.com\/index.php?rest_route=%2Fwp%2Fv2%2Fcomments&post=10562"}],"version-history":[{"count":1,"href":"https:\/\/podernacional.com\/index.php?rest_route=\/wp\/v2\/posts\/10562\/revisions"}],"predecessor-version":[{"id":10563,"href":"https:\/\/podernacional.com\/index.php?rest_route=\/wp\/v2\/posts\/10562\/revisions\/10563"}],"wp:featuredmedia":[{"embeddable":true,"href":"https:\/\/podernacional.com\/index.php?rest_route=\/wp\/v2\/media\/10564"}],"wp:attachment":[{"href":"https:\/\/podernacional.com\/index.php?rest_route=%2Fwp%2Fv2%2Fmedia&parent=10562"}],"wp:term":[{"taxonomy":"category","embeddable":true,"href":"https:\/\/podernacional.com\/index.php?rest_route=%2Fwp%2Fv2%2Fcategories&post=10562"},{"taxonomy":"post_tag","embeddable":true,"href":"https:\/\/podernacional.com\/index.php?rest_route=%2Fwp%2Fv2%2Ftags&post=10562"}],"curies":[{"name":"wp","href":"https:\/\/api.w.org\/{rel}","templated":true}]}}