{"id":10565,"date":"2022-11-22T18:20:31","date_gmt":"2022-11-22T23:20:31","guid":{"rendered":"https:\/\/podernacional.com\/?p=10565"},"modified":"2022-11-22T23:20:32","modified_gmt":"2022-11-22T23:20:32","slug":"asociacion-de-hoteles-cancun-se-prepara-para-una-nueva-feria-empleo","status":"publish","type":"post","link":"https:\/\/podernacional.com\/?p=10565","title":{"rendered":"Asociaci\u00f3n de hoteles Canc\u00fan se prepara para una nueva feria empleo"},"content":{"rendered":"<h4>Se ofertar\u00e1n m\u00e1s de 500 vacantes del sector hotelero de Canc\u00fan, Puerto Morelos e Isla Mujeres.<\/h4>\n<p>Asociaci\u00f3n de hoteles Canc\u00fan: El pr\u00f3ximo lunes 5 de diciembre, la Asociaci\u00f3n de Hoteles de Canc\u00fan, Puerto Morelos \u00a0e Isla Mujeres realizar\u00e1 una nueva edici\u00f3n.<\/p>\n<p>Mencionan que\u00a0de la Gran Feria de Empleos.<\/p>\n<p>Lugar\u00a0en donde se espera contar con m\u00e1s de 15 empresas especializadas en el giro hotelero de los tres destinos que supervisa la asociaci\u00f3n.<\/p>\n<p>De acuerdo con el gerente de Capacitaci\u00f3n y Eventos del Hotel, Luis Armando Maceo, en esta quinta edici\u00f3n de la feria de empleos.<\/p>\n<p>Por ende,\u00a0los interesados podr\u00e1n encontrar vacantes de diferentes destinos, desde puestos operativos hasta puestos ejecutivos y comerciales.<\/p>\n<p>\u201cTenemos contemplada la participaci\u00f3n de 15 hoteles de Canc\u00fan y Puerto Morelos\u201d.<\/p>\n<p>\u201cAdem\u00e1s esperamos que durante las pr\u00f3ximas semanas se unan empresas de Isla Mujeres\u201d.<\/p>\n<p>\u201cLos cuales ser\u00e1n m\u00e1s de 500 vacantes que se ofrecer\u00e1n durante la feria de empleo\u201d.<\/p>\n<p>&nbsp;<\/p>\n<h4>Ya son 15 hoteles confirmados<\/h4>\n<p>Agreg\u00f3 que la lista de los hoteles que participar\u00e1n en la feria de empleo se dar\u00e1n a conocer este pr\u00f3ximo 1 de diciembre.<\/p>\n<p>Por lo que recomienda permanecer al pendiente de las redes sociales de la asociaci\u00f3n.<\/p>\n<p>Ademas que pues ser\u00e1 a trav\u00e9s de ese medio donde tambi\u00e9n se anunciar\u00e1n las vacantes de cada hotel.<\/p>\n<p>La Gran Feria de Empleos se llevar\u00e1 a cabo en las instalaciones de la Asociaci\u00f3n de Hoteles de Canc\u00fan, Puerto Morelos e Isla Mujeres.<\/p>\n<p>Ademas de que est\u00e1n\u00a0ubicadas en la supermanzana 1 lote 6, a un costado del Conalep de la avenida Nader.<\/p>\n<p>La ceremonia de inauguraci\u00f3n se llevar\u00e1 a cabo en punto de las 9 de la ma\u00f1ana.<\/p>\n<p>As\u00ed mismo, posteriormente se dar\u00e1 inicio con la feria de empleos que concluir\u00e1 a las 2 de la tarde.<\/p>\n<p>Como parte de las sugerencias \u00a0para participar en la feria, se recomienda asistir con varias copias de solicitud de empleo o CV.<\/p>\n<p>Al igual que pues habr\u00e1 empresas que las solicitar\u00e1n.<\/p>\n<p>Asociaci\u00f3n de hoteles Canc\u00fan se prepara para una nueva feria empleo<\/p>\n<p>&nbsp;<\/p>\n","protected":false},"excerpt":{"rendered":"<p>Se ofertar\u00e1n m\u00e1s de 500 vacantes del sector hotelero de Canc\u00fan, Puerto Morelos e Isla Mujeres. Asociaci\u00f3n de hoteles Canc\u00fan: El pr\u00f3ximo lunes 5 de diciembre, la Asociaci\u00f3n de Hoteles de Canc\u00fan, Puerto Morelos \u00a0e Isla Mujeres realizar\u00e1 una nueva edici\u00f3n. Mencionan que\u00a0de la Gran Feria de Empleos. Lugar\u00a0en donde se espera contar con m\u00e1s [&hellip;]<\/p>\n","protected":false},"author":1,"featured_media":10567,"comment_status":"open","ping_status":"closed","sticky":false,"template":"","format":"standard","meta":{"footnotes":""},"categories":[6,10],"tags":[],"class_list":["post-10565","post","type-post","status-publish","format-standard","has-post-thumbnail","hentry","category-local","category-quintana-roo"],"_links":{"self":[{"href":"https:\/\/podernacional.com\/index.php?rest_route=\/wp\/v2\/posts\/10565","targetHints":{"allow":["GET"]}}],"collection":[{"href":"https:\/\/podernacional.com\/index.php?rest_route=\/wp\/v2\/posts"}],"about":[{"href":"https:\/\/podernacional.com\/index.php?rest_route=\/wp\/v2\/types\/post"}],"author":[{"embeddable":true,"href":"https:\/\/podernacional.com\/index.php?rest_route=\/wp\/v2\/users\/1"}],"replies":[{"embeddable":true,"href":"https:\/\/podernacional.com\/index.php?rest_route=%2Fwp%2Fv2%2Fcomments&post=10565"}],"version-history":[{"count":1,"href":"https:\/\/podernacional.com\/index.php?rest_route=\/wp\/v2\/posts\/10565\/revisions"}],"predecessor-version":[{"id":10566,"href":"https:\/\/podernacional.com\/index.php?rest_route=\/wp\/v2\/posts\/10565\/revisions\/10566"}],"wp:featuredmedia":[{"embeddable":true,"href":"https:\/\/podernacional.com\/index.php?rest_route=\/wp\/v2\/media\/10567"}],"wp:attachment":[{"href":"https:\/\/podernacional.com\/index.php?rest_route=%2Fwp%2Fv2%2Fmedia&parent=10565"}],"wp:term":[{"taxonomy":"category","embeddable":true,"href":"https:\/\/podernacional.com\/index.php?rest_route=%2Fwp%2Fv2%2Fcategories&post=10565"},{"taxonomy":"post_tag","embeddable":true,"href":"https:\/\/podernacional.com\/index.php?rest_route=%2Fwp%2Fv2%2Ftags&post=10565"}],"curies":[{"name":"wp","href":"https:\/\/api.w.org\/{rel}","templated":true}]}}