{"id":10570,"date":"2022-11-22T18:48:04","date_gmt":"2022-11-22T23:48:04","guid":{"rendered":"https:\/\/podernacional.com\/?p=10570"},"modified":"2022-11-22T23:48:06","modified_gmt":"2022-11-22T23:48:06","slug":"organismos-autonomos-de-q-roo-tendran-recorte-de-presupuesto","status":"publish","type":"post","link":"https:\/\/podernacional.com\/?p=10570","title":{"rendered":"Organismos aut\u00f3nomos de Q. Roo tendr\u00e1n recorte de presupuesto"},"content":{"rendered":"<h4>El Instituto Electoral de Quintana Roo fue el primero al que se redujo los recursos, por lo que tendr\u00e1 30 mdp menos.<\/h4>\n<p>Organismos aut\u00f3nomos: Comienzan diputados con la \u201cguillotina\u201d a organismos aut\u00f3nomos.<\/p>\n<p>Los diputados del grupo de la \u201cCuarta Transformaci\u00f3n\u201d en el Congreso local informaron que s\u00ed ser\u00e1n aplicadas millonarias reducciones.<\/p>\n<p>Esto\u00a0al presupuesto de los organismos aut\u00f3nomos de Quintana Roo, debido a que \u201cno han dado los resultados esperados\u201d.<\/p>\n<p>Humberto Aldana Navarro, l\u00edder de la bancada parlamentaria de Movimiento de Regeneraci\u00f3n Nacional (Morena) en la XVII Legislatura.<\/p>\n<p>El cual\u00a0adelant\u00f3 que el primero al que se le redujo recursos fue el Instituto Electoral de Quintana Roo (Ieqroo).<\/p>\n<p>Menciona que el pr\u00f3ximo a\u00f1o tendr\u00e1 30 millones de pesos menos.<\/p>\n<p>\u201cEs inadmisible que al no ser un a\u00f1o electoral y por tanto no van a gastar en elecciones, tengan un incremento en su presupuesto.<\/p>\n<p>Por eso la propuesta es que s\u00f3lo reciba 200 millones de pesos en el 2023, en lugar de los 232 que solicit\u00f3\u201d, declar\u00f3 el morenista.<\/p>\n<p>Detall\u00f3 que otros organismos que podr\u00edan sufrir recortes ser\u00edan el Tribunal Electoral de Quintana Roo y el Tribunal de Justicia Administrativa.<\/p>\n<p>Pero incluso otras oficinas que no \u201centregaron resultados\u201d podr\u00edan ser recortadas en su presupuesto, como el Comit\u00e9 de Participaci\u00f3n Ciudadana de Turismo.<\/p>\n<p>Que a su decir \u201cno hacen nada, pero todos cobran muy bien\u201d.<\/p>\n<p>&nbsp;<\/p>\n<h4>Reducciones se podr\u00e1n aplicar en 2023<\/h4>\n<p>Por su parte Hugo Alday Nieto, del Partido del Trabajo, coment\u00f3 que una vez que los Ayuntamientos ratifiquen la reforma.<\/p>\n<p>Esto\u00a0para eliminar los candados a la reducci\u00f3n de presupuestos de estos institutos, el Congreso del Estado proceder\u00e1 a avalarla para su publicaci\u00f3n.<\/p>\n<p>Mencionan que ser\u00e1\u00a0en el Peri\u00f3dico Oficial del Estado, lo que legalizar\u00eda estos cambios presupuestales.<\/p>\n<p>\u201cSi esta semana queda eliminado el candado en la ley, las reducciones presupuestales podr\u00e1n aplicarse sin ning\u00fan problema para el siguiente a\u00f1o\u201d.<\/p>\n<p>\u201cAqu\u00ed lo importante es cambiar la forma en la que se ejerce el presupuesto, para dejar de alimentar enormes burocracias\u201d.<\/p>\n<p>\u201cAdemas que no est\u00e1n dando los resultados que se les exige, y en su lugar, distribuir los recursos p\u00fablicos para beneficio de la ciudadan\u00eda\u201d, puntualiz\u00f3.<\/p>\n","protected":false},"excerpt":{"rendered":"<p>El Instituto Electoral de Quintana Roo fue el primero al que se redujo los recursos, por lo que tendr\u00e1 30 mdp menos. Organismos aut\u00f3nomos: Comienzan diputados con la \u201cguillotina\u201d a organismos aut\u00f3nomos. Los diputados del grupo de la \u201cCuarta Transformaci\u00f3n\u201d en el Congreso local informaron que s\u00ed ser\u00e1n aplicadas millonarias reducciones. Esto\u00a0al presupuesto de los [&hellip;]<\/p>\n","protected":false},"author":1,"featured_media":10572,"comment_status":"open","ping_status":"closed","sticky":false,"template":"","format":"standard","meta":{"footnotes":""},"categories":[9,10],"tags":[],"class_list":["post-10570","post","type-post","status-publish","format-standard","has-post-thumbnail","hentry","category-politica","category-quintana-roo"],"_links":{"self":[{"href":"https:\/\/podernacional.com\/index.php?rest_route=\/wp\/v2\/posts\/10570","targetHints":{"allow":["GET"]}}],"collection":[{"href":"https:\/\/podernacional.com\/index.php?rest_route=\/wp\/v2\/posts"}],"about":[{"href":"https:\/\/podernacional.com\/index.php?rest_route=\/wp\/v2\/types\/post"}],"author":[{"embeddable":true,"href":"https:\/\/podernacional.com\/index.php?rest_route=\/wp\/v2\/users\/1"}],"replies":[{"embeddable":true,"href":"https:\/\/podernacional.com\/index.php?rest_route=%2Fwp%2Fv2%2Fcomments&post=10570"}],"version-history":[{"count":1,"href":"https:\/\/podernacional.com\/index.php?rest_route=\/wp\/v2\/posts\/10570\/revisions"}],"predecessor-version":[{"id":10571,"href":"https:\/\/podernacional.com\/index.php?rest_route=\/wp\/v2\/posts\/10570\/revisions\/10571"}],"wp:featuredmedia":[{"embeddable":true,"href":"https:\/\/podernacional.com\/index.php?rest_route=\/wp\/v2\/media\/10572"}],"wp:attachment":[{"href":"https:\/\/podernacional.com\/index.php?rest_route=%2Fwp%2Fv2%2Fmedia&parent=10570"}],"wp:term":[{"taxonomy":"category","embeddable":true,"href":"https:\/\/podernacional.com\/index.php?rest_route=%2Fwp%2Fv2%2Fcategories&post=10570"},{"taxonomy":"post_tag","embeddable":true,"href":"https:\/\/podernacional.com\/index.php?rest_route=%2Fwp%2Fv2%2Ftags&post=10570"}],"curies":[{"name":"wp","href":"https:\/\/api.w.org\/{rel}","templated":true}]}}