{"id":10573,"date":"2022-11-22T18:53:59","date_gmt":"2022-11-22T23:53:59","guid":{"rendered":"https:\/\/podernacional.com\/?p=10573"},"modified":"2022-11-22T23:54:00","modified_gmt":"2022-11-22T23:54:00","slug":"juanita-alonso-se-reune-con-el-secretario-de-desarrollo-social-del-estado-para-analizar-programas-que-pudieran-ser-aplicados-en-la-isla-de-cozumel","status":"publish","type":"post","link":"https:\/\/podernacional.com\/?p=10573","title":{"rendered":"Juanita Alonso se re\u00fane con el Secretario de Desarrollo Social del Estado para analizar programas que pudieran ser aplicados en la Isla de Cozumel"},"content":{"rendered":"<h4>En cumplimiento al principio de unir esfuerzos con otras instancias de gobierno para generar mayores beneficios para la comunidad.<\/h4>\n<p>Juanita Alonso: Por ende, la presidenta municipal, Juanita Alonso Marrufo, sostuvo una reuni\u00f3n de trabajo con el nuevo secretario de Desarrollo Social del Estado (SEDESO).<\/p>\n<p>As\u00ed como\u00a0Pablo Bustamante Beltr\u00e1n, con quien analiz\u00f3 el abanico de programas sociales que pudieran ser aplicados en la Isla de Cozumel.<\/p>\n<p>En este encuentro que tuvo verificativo en la sala de juntas de presidencia.<\/p>\n<p>As\u00ed como\u00a0la mun\u00edcipe extern\u00f3 su entusiasmo por trabajar de la mano con la Gobernadora del Estado de Quintana Roo, Mara Lezama Espinosa.<\/p>\n<p>As\u00ed como con todo su equipo de secretarios, como en este caso con la secretar\u00eda de Desarrollo Social.<\/p>\n<p>&nbsp;<\/p>\n<h4>Ademas que con quien asegur\u00f3 que habr\u00e1 una estrecha relaci\u00f3n de colaboraci\u00f3n que permitir\u00e1 trabajar unidos en las tareas sociales que requieran en la isla.<\/h4>\n<p>Por su parte, el funcionario estatal, Pablo Bustamante Beltr\u00e1n, detall\u00f3 la gama de programas.<\/p>\n<p>Al igual que con\u00a0acciones disponibles para aplicar en la isla de Cozumel.<\/p>\n<p>As\u00ed mismo, con los que se podr\u00e1 impulsar la calidad de vida de la comunidad isle\u00f1a.<\/p>\n<p>Por \u00faltimo, tambi\u00e9n present\u00f3 ante la mun\u00edcipe a los integrantes de su equipo como:<\/p>\n<p>Alberto Ignacio Perera Medina, subsecretario de Desarrollo Social; Karla Anah\u00ed Euan Llergo, subsecretaria de Econom\u00eda Socia.<\/p>\n<p>Ademas de:<\/p>\n<p>Jorge Carlos Aguilar Rodr\u00edguez, subsecretario de Infraestructura y Fernando Mu\u00f1oz Caledo, subsecretario de Gesti\u00f3n Comunitaria.<\/p>\n<p>Al igual de\u00a0quienes refrendaron su compromiso de trabajar en uni\u00f3n con el Ayuntamiento de Cozumel.<\/p>\n","protected":false},"excerpt":{"rendered":"<p>En cumplimiento al principio de unir esfuerzos con otras instancias de gobierno para generar mayores beneficios para la comunidad. Juanita Alonso: Por ende, la presidenta municipal, Juanita Alonso Marrufo, sostuvo una reuni\u00f3n de trabajo con el nuevo secretario de Desarrollo Social del Estado (SEDESO). As\u00ed como\u00a0Pablo Bustamante Beltr\u00e1n, con quien analiz\u00f3 el abanico de programas [&hellip;]<\/p>\n","protected":false},"author":1,"featured_media":10575,"comment_status":"open","ping_status":"closed","sticky":false,"template":"","format":"standard","meta":{"footnotes":""},"categories":[6,10],"tags":[],"class_list":["post-10573","post","type-post","status-publish","format-standard","has-post-thumbnail","hentry","category-local","category-quintana-roo"],"_links":{"self":[{"href":"https:\/\/podernacional.com\/index.php?rest_route=\/wp\/v2\/posts\/10573","targetHints":{"allow":["GET"]}}],"collection":[{"href":"https:\/\/podernacional.com\/index.php?rest_route=\/wp\/v2\/posts"}],"about":[{"href":"https:\/\/podernacional.com\/index.php?rest_route=\/wp\/v2\/types\/post"}],"author":[{"embeddable":true,"href":"https:\/\/podernacional.com\/index.php?rest_route=\/wp\/v2\/users\/1"}],"replies":[{"embeddable":true,"href":"https:\/\/podernacional.com\/index.php?rest_route=%2Fwp%2Fv2%2Fcomments&post=10573"}],"version-history":[{"count":1,"href":"https:\/\/podernacional.com\/index.php?rest_route=\/wp\/v2\/posts\/10573\/revisions"}],"predecessor-version":[{"id":10574,"href":"https:\/\/podernacional.com\/index.php?rest_route=\/wp\/v2\/posts\/10573\/revisions\/10574"}],"wp:featuredmedia":[{"embeddable":true,"href":"https:\/\/podernacional.com\/index.php?rest_route=\/wp\/v2\/media\/10575"}],"wp:attachment":[{"href":"https:\/\/podernacional.com\/index.php?rest_route=%2Fwp%2Fv2%2Fmedia&parent=10573"}],"wp:term":[{"taxonomy":"category","embeddable":true,"href":"https:\/\/podernacional.com\/index.php?rest_route=%2Fwp%2Fv2%2Fcategories&post=10573"},{"taxonomy":"post_tag","embeddable":true,"href":"https:\/\/podernacional.com\/index.php?rest_route=%2Fwp%2Fv2%2Ftags&post=10573"}],"curies":[{"name":"wp","href":"https:\/\/api.w.org\/{rel}","templated":true}]}}