{"id":10576,"date":"2022-11-23T16:39:25","date_gmt":"2022-11-23T21:39:25","guid":{"rendered":"https:\/\/podernacional.com\/?p=10576"},"modified":"2022-11-23T21:39:27","modified_gmt":"2022-11-23T21:39:27","slug":"llaryora-participo-del-lanzamiento-del-festival-de-cine-cordobes-2022","status":"publish","type":"post","link":"https:\/\/podernacional.com\/?p=10576","title":{"rendered":"Llaryora particip\u00f3 del lanzamiento del Festival de Cine Cordob\u00e9s 2022"},"content":{"rendered":"<h4>El Cabildo de la Ciudad recibi\u00f3 a funcionarios municipales y provinciales, equipos art\u00edsticos, t\u00e9cnicos y referentes del sector audiovisual.<\/h4>\n<p>Llaryora: Su programaci\u00f3n incluye m\u00e1s de 30 t\u00edtulos que estar\u00e1n en cartelera hasta el 7 de diciembre, con estrenos pel\u00edculas, animaciones.<\/p>\n<p>Al igual que\u00a0documentales y cortometrajes de producciones locales.<\/p>\n<p>Las funciones podr\u00e1n disfrutarse en distintas salas de la capital cordobesa y en diferentes puntos de la Provincia.<\/p>\n<p>El Cabildo Hist\u00f3rico de la Ciudad fue el escenario elegido para el lanzamiento de la segunda edici\u00f3n del Festival de Cine Cordob\u00e9s.<\/p>\n<p>Por ende, FECICO 2022, donde estuvo presente el intendente Mart\u00edn Llaryora.<\/p>\n<p>La Municipalidad acompa\u00f1a el evento, que es organizado por el Polo Audiovisual perteneciente a la Agencia C\u00f3rdoba Cultura del Gobierno de C\u00f3rdoba.<\/p>\n<p>Lo cual sumado al aporte del Consejo Federal de Inversiones (CFI).<\/p>\n<p>&nbsp;<\/p>\n<h4>Este a\u00f1o, el festival presentar\u00e1 estrenos, reposiciones, una retrospectiva del cine cordob\u00e9s, documentales.<\/h4>\n<p>As\u00ed mismo como de pel\u00edculas seleccionadas del Festival Internacional de Cine de Mar del Plata y cortometrajes de ficci\u00f3n.<\/p>\n<p>Al igual que de animaci\u00f3n producidos en C\u00f3rdoba durante los \u00faltimos a\u00f1os.<\/p>\n<p>\u201cQueremos seguir acompa\u00f1ando el desarrollo de este sector para que sea una verdadera industria\u201d.<\/p>\n<p>\u201cAdemas de que est\u00e1 basada en la creatividad de nuestra gente como principal activo, que difunde nuestra identidad y cultura\u201d.<\/p>\n<p>\u201cAs\u00ed mismo de\u00a0nuestras miradas y diversidades, generando en su dimensi\u00f3n econ\u00f3mica empleo de calidad\u201d.<\/p>\n<p>\u201cAdemas de oportunidades para hacer de C\u00f3rdoba un hub de exportaci\u00f3n en la econom\u00eda creativa y del conocimiento\u201d, detall\u00f3 el jefe capitalino.<\/p>\n<p>En la oportunidad, el intendente Llaryora anunci\u00f3 el env\u00edo del proyecto del Ordenanza \u201cPaola Su\u00e1rez\u201d al Concejo Deliberante.<\/p>\n<p>Esto en honor a la productora audiovisual cordobesa, quien logr\u00f3 posicionar a C\u00f3rdoba a nivel internacional.<\/p>\n<p>&nbsp;<\/p>\n<h4>Ademas de que\u00a0propuso que la ciudad se sume con una pol\u00edtica activa a industria audiovisual.<\/h4>\n<p>Esta Ordenanza tiene como objetivo el financiamiento para el desarrollo de proyectos locales para la creaci\u00f3n de propiedad intelectual.<\/p>\n<p>As\u00ed mismo\u00a0con el acompa\u00f1amiento de expertos tutores de la industria.<\/p>\n<p>Tambi\u00e9n, fomentar\u00e1 la realizaci\u00f3n de rodajes en la ciudad a nivel internacional.<\/p>\n<p>Al igual de que crear\u00e1 la oficina de filmaciones generando puestos de trabajo para t\u00e9cnicos, actores y actrices de productoras locales.<\/p>\n<p>\u201cCon esta Ordenanza va a ser m\u00e1s f\u00e1cil filmar en C\u00f3rdoba. Saber que hay una ciudad proaudiovisual, con un intendente\u201d.<\/p>\n<p>\u201cAs\u00ed mismo de\u00a0un gobierno municipal que est\u00e1n dispuestos a allanarles el camino\u201d, concluy\u00f3 Llaryora.<\/p>\n<p>La iniciativa apuntar\u00e1 a la creaci\u00f3n de nuevas empresas y la radicaci\u00f3n de emprendimientos que respondan a los servicios de toda la cadena productiva.<\/p>\n<p>Con esto, para hacer de C\u00f3rdoba un verdadero polo de producci\u00f3n audiovisual<\/p>\n","protected":false},"excerpt":{"rendered":"<p>El Cabildo de la Ciudad recibi\u00f3 a funcionarios municipales y provinciales, equipos art\u00edsticos, t\u00e9cnicos y referentes del sector audiovisual. Llaryora: Su programaci\u00f3n incluye m\u00e1s de 30 t\u00edtulos que estar\u00e1n en cartelera hasta el 7 de diciembre, con estrenos pel\u00edculas, animaciones. Al igual que\u00a0documentales y cortometrajes de producciones locales. Las funciones podr\u00e1n disfrutarse en distintas salas [&hellip;]<\/p>\n","protected":false},"author":1,"featured_media":10578,"comment_status":"open","ping_status":"closed","sticky":false,"template":"","format":"standard","meta":{"footnotes":""},"categories":[2,5],"tags":[],"class_list":["post-10576","post","type-post","status-publish","format-standard","has-post-thumbnail","hentry","category-cultural","category-internacional"],"_links":{"self":[{"href":"https:\/\/podernacional.com\/index.php?rest_route=\/wp\/v2\/posts\/10576","targetHints":{"allow":["GET"]}}],"collection":[{"href":"https:\/\/podernacional.com\/index.php?rest_route=\/wp\/v2\/posts"}],"about":[{"href":"https:\/\/podernacional.com\/index.php?rest_route=\/wp\/v2\/types\/post"}],"author":[{"embeddable":true,"href":"https:\/\/podernacional.com\/index.php?rest_route=\/wp\/v2\/users\/1"}],"replies":[{"embeddable":true,"href":"https:\/\/podernacional.com\/index.php?rest_route=%2Fwp%2Fv2%2Fcomments&post=10576"}],"version-history":[{"count":1,"href":"https:\/\/podernacional.com\/index.php?rest_route=\/wp\/v2\/posts\/10576\/revisions"}],"predecessor-version":[{"id":10577,"href":"https:\/\/podernacional.com\/index.php?rest_route=\/wp\/v2\/posts\/10576\/revisions\/10577"}],"wp:featuredmedia":[{"embeddable":true,"href":"https:\/\/podernacional.com\/index.php?rest_route=\/wp\/v2\/media\/10578"}],"wp:attachment":[{"href":"https:\/\/podernacional.com\/index.php?rest_route=%2Fwp%2Fv2%2Fmedia&parent=10576"}],"wp:term":[{"taxonomy":"category","embeddable":true,"href":"https:\/\/podernacional.com\/index.php?rest_route=%2Fwp%2Fv2%2Fcategories&post=10576"},{"taxonomy":"post_tag","embeddable":true,"href":"https:\/\/podernacional.com\/index.php?rest_route=%2Fwp%2Fv2%2Ftags&post=10576"}],"curies":[{"name":"wp","href":"https:\/\/api.w.org\/{rel}","templated":true}]}}