{"id":10579,"date":"2022-11-23T16:42:27","date_gmt":"2022-11-23T21:42:27","guid":{"rendered":"https:\/\/podernacional.com\/?p=10579"},"modified":"2022-11-23T21:42:30","modified_gmt":"2022-11-23T21:42:30","slug":"celebraran-primer-festival-navideno-en-moca","status":"publish","type":"post","link":"https:\/\/podernacional.com\/?p=10579","title":{"rendered":"Celebrar\u00e1n primer Festival Navide\u00f1o en Moca"},"content":{"rendered":"<h4>La Plaza P\u00fablica de Moca ser\u00e1 escenario del primer Festival Navide\u00f1o este fin de semana.<\/h4>\n<p>Festival Navide\u00f1o en Moca: Los d\u00edas del 25 al 27 de noviembre, el Pabell\u00f3n de la M\u00fasica, Cultura y Deporte Mocano Inc.<\/p>\n<p>Ademas de que celebrar\u00e1 la primera edici\u00f3n del Festival Navide\u00f1o Mocano en la Plaza P\u00fablica de Moca.<\/p>\n<p>Se trata de un evento que unificar\u00e1 las festividades del Inicio de la Navidad, Festival del Mundillo.<\/p>\n<p>Al igual que del\u00a0Festival del Camar\u00f3n en un tres d\u00edas de fiestas.<\/p>\n<p>La actividad contar\u00e1 con m\u00e1s de un centenar de estaciones con artesanos, manualidades, quioscos de comida.<\/p>\n<p>As\u00ed como una variada participaci\u00f3n art\u00edstica para el disfrute familiar.<\/p>\n<p>El Festival Navide\u00f1o arrancar\u00e1 el viernes a las 7:00 p.m. con los actos protocolares y dedicatoria.<\/p>\n<p>&nbsp;<\/p>\n<h4>Ademas de\u00a0la participaci\u00f3n musical de Los \u00c1ngeles Prietos, Los Cantores de San Juan y Parranda de M\u00e1scaras.<\/h4>\n<p>El s\u00e1bado 26 de noviembre, la fiesta iniciar\u00e1 a las 10:00 a.m. con ejercicios bailables.<\/p>\n<p>Con esto\u00a0seguido de un encuentro de talentos mocanos, Ballet Jalomai, Mosaiko Music Project, Parranda de m\u00e1scaras.<\/p>\n<p>En la m\u00fasica se presentar\u00e1<a href=\"https:\/\/prpop.org\/biografias\/jose-nogueras\/\"> Jos\u00e9 Nogueras<\/a>, La Secta All Star.<\/p>\n<p>El domingo, 27 de noviembre, tendr\u00e1 lugar el Festival del Camar\u00f3n.<\/p>\n<p>Lugar\u00a0donde se confeccionar\u00e1 un asopao gigante cuyas ventas ser\u00e1n a beneficio del tratamiento de una paciente de c\u00e1ncer del pueblo.<\/p>\n<p>En tarima Los Ruise\u00f1ores de la Loma, Payarokers, Pedro Guzm\u00e1n y concurso de trovadores, Parranda Los Conquistadores, Tr\u00edo Los Andinos.<\/p>\n<p>Ademas de\u00a0La Sonora Ponce\u00f1a y el Conjunto Quisqueya, entre otros.<\/p>\n<p>Los tres d\u00edas habr\u00e1 juegos, exhibiciones, recorridos para visitar el Museo del Mundillo, entre otros.<\/p>\n","protected":false},"excerpt":{"rendered":"<p>La Plaza P\u00fablica de Moca ser\u00e1 escenario del primer Festival Navide\u00f1o este fin de semana. Festival Navide\u00f1o en Moca: Los d\u00edas del 25 al 27 de noviembre, el Pabell\u00f3n de la M\u00fasica, Cultura y Deporte Mocano Inc. Ademas de que celebrar\u00e1 la primera edici\u00f3n del Festival Navide\u00f1o Mocano en la Plaza P\u00fablica de Moca. Se [&hellip;]<\/p>\n","protected":false},"author":1,"featured_media":10581,"comment_status":"open","ping_status":"closed","sticky":false,"template":"","format":"standard","meta":{"footnotes":""},"categories":[4,5],"tags":[],"class_list":["post-10579","post","type-post","status-publish","format-standard","has-post-thumbnail","hentry","category-espectaculos","category-internacional"],"_links":{"self":[{"href":"https:\/\/podernacional.com\/index.php?rest_route=\/wp\/v2\/posts\/10579","targetHints":{"allow":["GET"]}}],"collection":[{"href":"https:\/\/podernacional.com\/index.php?rest_route=\/wp\/v2\/posts"}],"about":[{"href":"https:\/\/podernacional.com\/index.php?rest_route=\/wp\/v2\/types\/post"}],"author":[{"embeddable":true,"href":"https:\/\/podernacional.com\/index.php?rest_route=\/wp\/v2\/users\/1"}],"replies":[{"embeddable":true,"href":"https:\/\/podernacional.com\/index.php?rest_route=%2Fwp%2Fv2%2Fcomments&post=10579"}],"version-history":[{"count":1,"href":"https:\/\/podernacional.com\/index.php?rest_route=\/wp\/v2\/posts\/10579\/revisions"}],"predecessor-version":[{"id":10580,"href":"https:\/\/podernacional.com\/index.php?rest_route=\/wp\/v2\/posts\/10579\/revisions\/10580"}],"wp:featuredmedia":[{"embeddable":true,"href":"https:\/\/podernacional.com\/index.php?rest_route=\/wp\/v2\/media\/10581"}],"wp:attachment":[{"href":"https:\/\/podernacional.com\/index.php?rest_route=%2Fwp%2Fv2%2Fmedia&parent=10579"}],"wp:term":[{"taxonomy":"category","embeddable":true,"href":"https:\/\/podernacional.com\/index.php?rest_route=%2Fwp%2Fv2%2Fcategories&post=10579"},{"taxonomy":"post_tag","embeddable":true,"href":"https:\/\/podernacional.com\/index.php?rest_route=%2Fwp%2Fv2%2Ftags&post=10579"}],"curies":[{"name":"wp","href":"https:\/\/api.w.org\/{rel}","templated":true}]}}