{"id":10582,"date":"2022-11-23T17:20:08","date_gmt":"2022-11-23T22:20:08","guid":{"rendered":"https:\/\/podernacional.com\/?p=10582"},"modified":"2022-11-23T22:20:10","modified_gmt":"2022-11-23T22:20:10","slug":"alemania-desafio-a-fifa-en-el-mundial-qatar-2022-los-jugadores-se-taparon-la-boca-ante-la-amenaza-de-no-poder-usar-el-brazalete-lgtb","status":"publish","type":"post","link":"https:\/\/podernacional.com\/?p=10582","title":{"rendered":"Alemania desafi\u00f3 a FIFA en el Mundial Qatar 2022: los jugadores se taparon la boca ante la amenaza de no poder usar el brazalete LGTB+"},"content":{"rendered":"<h4>El experimentado arquero de los germanos no utiliz\u00f3\u00a0la cinta multicolor con el mensaje \u2018One Love\u2019 por la advertencia de la m\u00e1xima entidad del f\u00fatbol<\/h4>\n<p>El gesto de los titulares de Alemania en la foto contra la advertencia de la FIFA por no poder usar el bazalete LGTB+<\/p>\n<p>Ser\u00e1 una imagen que recorrer\u00e1 el mundo.<\/p>\n<p>La selecci\u00f3n de Alemania pos\u00f3 para la foto previa antes del inicio del partido ante Jap\u00f3n en el Mundial Qatar 2022.<\/p>\n<p>Con esto\u00a0los titulares se taparon la boca en sin\u00f3nimo de protesta ante la amenaza que lanz\u00f3 FIFA contra las selecciones de Europa.<\/p>\n<p>Las cuales\u00a0ten\u00edan previsto utilizar la cinta con el mensaje \u2018One Love\u2019.<\/p>\n<p>A su vez, en las redes sociales de la Federaci\u00f3n Alemana, publicaron un mensaje que acompa\u00f1\u00f3 la postal.<\/p>\n<p>\u201cCon nuestro brazalete de capit\u00e1n quer\u00edamos dar ejemplo de valores que vivimos en la selecci\u00f3n: la diversidad y el respeto mutuo\u201d.<\/p>\n<p>\u201cSea ruidoso junto con otras naciones. No se trata de un mensaje pol\u00edtico: los derechos humanos no son negociables\u201d, indic\u00f3 la primera parte del reporte.<\/p>\n<p>\u201cEso deber\u00eda ser evidente. Desafortunadamente todav\u00eda no lo es. Por eso este mensaje es tan importante para nosotros.<\/p>\n<p>Prohibirnos la venda es como prohibirnos la boca. Nuestra postura se mantiene\u201d, agreg\u00f3 la federaci\u00f3n germana.<\/p>\n<p>&nbsp;<\/p>\n<h4>Neuer, el experimentado arquero y capit\u00e1n de Alemania, no pudo salir al campo de juego con el brazalete multicolor en apoyo a la comunidad LGTB.<\/h4>\n<p>Ademas de que se calz\u00f3 uno que dice \u201cNo a la discriminaci\u00f3n\u201d.<\/p>\n<p>As\u00ed mismo como ya lo us\u00f3 Harry Kane, emblema de Inglaterra.<\/p>\n<p>En la previa al comienzo del encuentro, uno de los asistentes le revis\u00f3 la cinta al portero.<\/p>\n<p>El pasado lunes, las federaciones de Pa\u00edses Bajos, Inglaterra, B\u00e9lgica, Suiza, Dinamarca, Gales y Die Mannschaft.<\/p>\n<p>Mencionan que\u00a0publicaron un comunicado conjunto luego de la que entidad que rige los destinos del f\u00fatbol en el mundo.<\/p>\n<p>Con esto se\u00a0advirti\u00f3 sobre posibles sanciones a los capitanes de las selecciones que son protagonistas del Mundial Qatar 2022.<\/p>\n<p>Neuer confirm\u00f3 que usar\u00e1 un brazalete de capit\u00e1n que podr\u00eda implicar una sanci\u00f3n para Alemania en el Mundial Qatar 2022: \u201cNo tenemos miedo\u201d<\/p>\n<p>El emblem\u00e1tico arquero de la Mannschaft avis\u00f3 que exhibir\u00e1 la cinta multicolor \u2018One Love\u2019 para promover la diversidad y la inclusi\u00f3n.<\/p>\n<p>&nbsp;<\/p>\n<h4>\u201cNo seremos los \u00fanicos, podemos enviar un mensaje juntos\u201d, valor\u00f3<\/h4>\n<p>\u201cComo federaciones nacionales no podemos poner a nuestros jugadores en una posici\u00f3n en la que puedan enfrentar sanciones deportivas, incluidas tarjetas\u201d.<\/p>\n<p>Esto, cit\u00f3 el informe de las siete federaciones que fue publicado de manera conjunta en los diferentes sitios oficiales y sus redes sociales.<\/p>\n<p>Frente a la decisi\u00f3n que tom\u00f3 el hist\u00f3rico portero del Bayern M\u00fanich, habr\u00e1 que ver qu\u00e9 sanci\u00f3n le impondr\u00e1 la FIFA.<\/p>\n<p>Luego del encuentro ante los nipones y s\u00ed, antes del inicio del juego, el \u00e1rbitro del encuentro.<\/p>\n<p>Ademas que\u00a0el salvadore\u00f1o Iv\u00e1n Barton, le sacar\u00e1 una tarjeta amarilla.<\/p>\n<p>En las \u00faltimas horas, la Federaci\u00f3n Alemana de F\u00fatbol hab\u00eda justificado la decisi\u00f3n de no usar la cinta multicolor alegando un \u201cchantaje\u201d de la FIFA.<\/p>\n<p>\u201cNo nos hemos arrodillado. Entendemos la decepci\u00f3n y la indignaci\u00f3n.<\/p>\n<p>Fuimos sometidos a un chantaje extremo en el que pensamos que ten\u00edamos que tomar esta decisi\u00f3n aunque no quer\u00edamos tomarla\u201d.<\/p>\n<p>Esto lo\u00a0explic\u00f3 el director de comunicaci\u00f3n de la DFB Steffen Simon en declaraciones a la emisora Deutschlandfunk.<\/p>\n","protected":false},"excerpt":{"rendered":"<p>El experimentado arquero de los germanos no utiliz\u00f3\u00a0la cinta multicolor con el mensaje \u2018One Love\u2019 por la advertencia de la m\u00e1xima entidad del f\u00fatbol El gesto de los titulares de Alemania en la foto contra la advertencia de la FIFA por no poder usar el bazalete LGTB+ Ser\u00e1 una imagen que recorrer\u00e1 el mundo. La [&hellip;]<\/p>\n","protected":false},"author":1,"featured_media":10584,"comment_status":"open","ping_status":"closed","sticky":false,"template":"","format":"standard","meta":{"footnotes":""},"categories":[3,4,5],"tags":[],"class_list":["post-10582","post","type-post","status-publish","format-standard","has-post-thumbnail","hentry","category-deportes","category-espectaculos","category-internacional"],"_links":{"self":[{"href":"https:\/\/podernacional.com\/index.php?rest_route=\/wp\/v2\/posts\/10582","targetHints":{"allow":["GET"]}}],"collection":[{"href":"https:\/\/podernacional.com\/index.php?rest_route=\/wp\/v2\/posts"}],"about":[{"href":"https:\/\/podernacional.com\/index.php?rest_route=\/wp\/v2\/types\/post"}],"author":[{"embeddable":true,"href":"https:\/\/podernacional.com\/index.php?rest_route=\/wp\/v2\/users\/1"}],"replies":[{"embeddable":true,"href":"https:\/\/podernacional.com\/index.php?rest_route=%2Fwp%2Fv2%2Fcomments&post=10582"}],"version-history":[{"count":1,"href":"https:\/\/podernacional.com\/index.php?rest_route=\/wp\/v2\/posts\/10582\/revisions"}],"predecessor-version":[{"id":10583,"href":"https:\/\/podernacional.com\/index.php?rest_route=\/wp\/v2\/posts\/10582\/revisions\/10583"}],"wp:featuredmedia":[{"embeddable":true,"href":"https:\/\/podernacional.com\/index.php?rest_route=\/wp\/v2\/media\/10584"}],"wp:attachment":[{"href":"https:\/\/podernacional.com\/index.php?rest_route=%2Fwp%2Fv2%2Fmedia&parent=10582"}],"wp:term":[{"taxonomy":"category","embeddable":true,"href":"https:\/\/podernacional.com\/index.php?rest_route=%2Fwp%2Fv2%2Fcategories&post=10582"},{"taxonomy":"post_tag","embeddable":true,"href":"https:\/\/podernacional.com\/index.php?rest_route=%2Fwp%2Fv2%2Ftags&post=10582"}],"curies":[{"name":"wp","href":"https:\/\/api.w.org\/{rel}","templated":true}]}}