{"id":10597,"date":"2022-11-23T18:07:34","date_gmt":"2022-11-23T23:07:34","guid":{"rendered":"https:\/\/podernacional.com\/?p=10597"},"modified":"2022-11-23T23:07:36","modified_gmt":"2022-11-23T23:07:36","slug":"se-realiza-el-programa-desarme-voluntario-en-cancun","status":"publish","type":"post","link":"https:\/\/podernacional.com\/?p=10597","title":{"rendered":"Se realiza el programa \u00abDesarme voluntario\u00bb en Canc\u00fan"},"content":{"rendered":"<h4>En busca de abonar a una cultura de paz en el estado, este mi\u00e9rcoles dio inicio la campa\u00f1a de \u201cCanje de armas de fuego\u201d.<\/h4>\n<p>Programa: Lo cual que implementa la secretar\u00eda de seguridad p\u00fablica federal en coordinaci\u00f3n con los tres niveles de gobierno en el municipio de Benito Ju\u00e1rez.<\/p>\n<p>Esto de\u00a0las cuales duraran por 5 d\u00edas.<\/p>\n<p>Principalmente lo que se busca es disminuir la portaci\u00f3n de armamento entre la poblaci\u00f3n quintanarroense, en las ciudades.<\/p>\n<p>As\u00ed mismo en los hogares para prevenir que puedan ser utilizados para alg\u00fan delito, estos m\u00f3dulos est\u00e1n instalados en diferentes puntos de la ciudad.<\/p>\n<p>Por ende, de este 23 y 24 de noviembre estar\u00e1n en el faro ubicado en Villas Otoch Para\u00edso.<\/p>\n<p>As\u00ed mismo\u00a0del 25 al 27 de noviembre estar\u00e1n en el parque del crucero.<\/p>\n<p>Ademas que ambos m\u00f3dulos operar\u00e1n en un horario de 10 de la ma\u00f1ana a 15:00 horas.<\/p>\n<p>&nbsp;<\/p>\n<h4>Este programa tambi\u00e9n est\u00e1 encaminado a menores de edad, donde los peque\u00f1os canjean sus armas de juguetes por alg\u00fan juego de mesa o alg\u00fan bal\u00f3n.<\/h4>\n<p>Esto lo explic\u00f3 Sergio Luna Ochoa, encargado del programa.<\/p>\n<p>Comento que este programa est\u00e1 enfocado a promocionar una sociedad de paz.<\/p>\n<p>Lugar donde se busca que los padres de familia sean conscientes al no comprarle esos tipos de juguetes a sus hijos.<\/p>\n<p>Ya que siembran alg\u00fan tipo de violencia.<\/p>\n<p>En cuanto al programa del canje de armas, se recibir\u00e1n todo tipo de armamentos y municiones, sin problemas legales por la entrega.<\/p>\n<p>Por ende, de la misma que se proporcionar\u00e1n recursos econ\u00f3micos de acuerdo al tabulador propuesto para el canje.<\/p>\n","protected":false},"excerpt":{"rendered":"<p>En busca de abonar a una cultura de paz en el estado, este mi\u00e9rcoles dio inicio la campa\u00f1a de \u201cCanje de armas de fuego\u201d. Programa: Lo cual que implementa la secretar\u00eda de seguridad p\u00fablica federal en coordinaci\u00f3n con los tres niveles de gobierno en el municipio de Benito Ju\u00e1rez. Esto de\u00a0las cuales duraran por 5 [&hellip;]<\/p>\n","protected":false},"author":1,"featured_media":10599,"comment_status":"open","ping_status":"closed","sticky":false,"template":"","format":"standard","meta":{"footnotes":""},"categories":[6,8,10],"tags":[],"class_list":["post-10597","post","type-post","status-publish","format-standard","has-post-thumbnail","hentry","category-local","category-policia","category-quintana-roo"],"_links":{"self":[{"href":"https:\/\/podernacional.com\/index.php?rest_route=\/wp\/v2\/posts\/10597","targetHints":{"allow":["GET"]}}],"collection":[{"href":"https:\/\/podernacional.com\/index.php?rest_route=\/wp\/v2\/posts"}],"about":[{"href":"https:\/\/podernacional.com\/index.php?rest_route=\/wp\/v2\/types\/post"}],"author":[{"embeddable":true,"href":"https:\/\/podernacional.com\/index.php?rest_route=\/wp\/v2\/users\/1"}],"replies":[{"embeddable":true,"href":"https:\/\/podernacional.com\/index.php?rest_route=%2Fwp%2Fv2%2Fcomments&post=10597"}],"version-history":[{"count":1,"href":"https:\/\/podernacional.com\/index.php?rest_route=\/wp\/v2\/posts\/10597\/revisions"}],"predecessor-version":[{"id":10598,"href":"https:\/\/podernacional.com\/index.php?rest_route=\/wp\/v2\/posts\/10597\/revisions\/10598"}],"wp:featuredmedia":[{"embeddable":true,"href":"https:\/\/podernacional.com\/index.php?rest_route=\/wp\/v2\/media\/10599"}],"wp:attachment":[{"href":"https:\/\/podernacional.com\/index.php?rest_route=%2Fwp%2Fv2%2Fmedia&parent=10597"}],"wp:term":[{"taxonomy":"category","embeddable":true,"href":"https:\/\/podernacional.com\/index.php?rest_route=%2Fwp%2Fv2%2Fcategories&post=10597"},{"taxonomy":"post_tag","embeddable":true,"href":"https:\/\/podernacional.com\/index.php?rest_route=%2Fwp%2Fv2%2Ftags&post=10597"}],"curies":[{"name":"wp","href":"https:\/\/api.w.org\/{rel}","templated":true}]}}