{"id":106,"date":"2020-06-02T23:12:53","date_gmt":"2020-06-02T23:12:53","guid":{"rendered":"http:\/\/whatsappcancun.com\/?p=106"},"modified":"2020-06-02T23:12:53","modified_gmt":"2020-06-02T23:12:53","slug":"aumentan-concesionarias-15-su-flota-en-cancun","status":"publish","type":"post","link":"https:\/\/podernacional.com\/?p=106","title":{"rendered":"Aumentan concesionarias 15% su flota en Canc\u00fan"},"content":{"rendered":"\n<p><\/p>\n\n\n\n<p>Canc\u00fan.- El regreso a la circulaci\u00f3n normal para los camiones de transporte p\u00fablico ser\u00e1 muy paulatino y en com\u00fan acuerdo con autoridades, pero con la apertura de diversos hoteles, a partir de hoy, aunque con 30% de personal, ya aumentar\u00e1 la flota activa en un 15%.<\/p>\n\n\n\n<p>Lo anterior lo confirm\u00f3 Santiago Carrillo, director de Autocar, una de las cuatro concesionarias de este servicio, quien indic\u00f3 que se toma mucho cuidado en ser \u00ablo m\u00e1s exacto posible\u00bb en cuanto horarios, para que el aforo vehicular coincida con la necesidad de traslado de pasajeros.<\/p>\n\n\n\n<p>\u00abAhora no puede ir gente parada, por lo que necesitaremos aumentar en un 15% el n\u00famero de camiones en la ciudad, para llevar a los trabajadores a trasbordar para la zona hotelera\u00bb, coment\u00f3.<br>El empresario revel\u00f3 que los propios hoteles han adquirido cerca de 7 boletos por adelantado para su personal.<\/p>\n\n\n\n<p>\u00abIremos poco a poco, no regresan todos los camiones, pues no todos regresan a trabajar; ahora solo son trabajos preparativos, jardiner\u00eda, mantenimiento, plomer\u00eda\u00bb, coment\u00f3.<\/p>\n\n\n\n<p><\/p>\n","protected":false},"excerpt":{"rendered":"<p>Canc\u00fan.- El regreso a la circulaci\u00f3n normal para los camiones de transporte p\u00fablico ser\u00e1 muy paulatino y en com\u00fan acuerdo con autoridades, pero con la apertura de diversos hoteles, a partir de hoy, aunque con 30% de personal, ya aumentar\u00e1 la flota activa en un 15%. Lo anterior lo confirm\u00f3 Santiago Carrillo, director de Autocar, [&hellip;]<\/p>\n","protected":false},"author":1,"featured_media":107,"comment_status":"open","ping_status":"open","sticky":false,"template":"","format":"standard","meta":{"footnotes":""},"categories":[12],"tags":[],"class_list":["post-106","post","type-post","status-publish","format-standard","has-post-thumbnail","hentry","category-sin-categoria"],"_links":{"self":[{"href":"https:\/\/podernacional.com\/index.php?rest_route=\/wp\/v2\/posts\/106","targetHints":{"allow":["GET"]}}],"collection":[{"href":"https:\/\/podernacional.com\/index.php?rest_route=\/wp\/v2\/posts"}],"about":[{"href":"https:\/\/podernacional.com\/index.php?rest_route=\/wp\/v2\/types\/post"}],"author":[{"embeddable":true,"href":"https:\/\/podernacional.com\/index.php?rest_route=\/wp\/v2\/users\/1"}],"replies":[{"embeddable":true,"href":"https:\/\/podernacional.com\/index.php?rest_route=%2Fwp%2Fv2%2Fcomments&post=106"}],"version-history":[{"count":0,"href":"https:\/\/podernacional.com\/index.php?rest_route=\/wp\/v2\/posts\/106\/revisions"}],"wp:featuredmedia":[{"embeddable":true,"href":"https:\/\/podernacional.com\/index.php?rest_route=\/wp\/v2\/media\/107"}],"wp:attachment":[{"href":"https:\/\/podernacional.com\/index.php?rest_route=%2Fwp%2Fv2%2Fmedia&parent=106"}],"wp:term":[{"taxonomy":"category","embeddable":true,"href":"https:\/\/podernacional.com\/index.php?rest_route=%2Fwp%2Fv2%2Fcategories&post=106"},{"taxonomy":"post_tag","embeddable":true,"href":"https:\/\/podernacional.com\/index.php?rest_route=%2Fwp%2Fv2%2Ftags&post=106"}],"curies":[{"name":"wp","href":"https:\/\/api.w.org\/{rel}","templated":true}]}}