{"id":10609,"date":"2022-11-24T18:11:41","date_gmt":"2022-11-24T23:11:41","guid":{"rendered":"https:\/\/podernacional.com\/?p=10609"},"modified":"2022-11-24T23:11:43","modified_gmt":"2022-11-24T23:11:43","slug":"la-onu-pide-una-investigacion-internacional-de-la-represion-en-iran","status":"publish","type":"post","link":"https:\/\/podernacional.com\/?p=10609","title":{"rendered":"La ONU pide una investigaci\u00f3n internacional de la represi\u00f3n en Ir\u00e1n"},"content":{"rendered":"<h4>El relator del organismo para Ir\u00e1n ha pedido crear un mecanismo internacional de investigaci\u00f3n.<\/h4>\n<p>La ONU: Esto de la muerte de la joven iran\u00ed Mahsa Amini y de la represi\u00f3n a las protestas posteriores.<\/p>\n<p>Hombres con rostro cubierto se parapetan tras una trinchera.<\/p>\n<p>Las protestas no han cesado desde la muerte de Mahsa Amini en Ir\u00e1n.<\/p>\n<p>El relator de la ONU para Ir\u00e1n, Javaid Rehman, pidi\u00f3 el jueves (24.11.2022) ante el Consejo de Derechos Humanos de Naciones Unidas.<\/p>\n<p>As\u00ed mismo de\u00a0la creaci\u00f3n de un mecanismo internacional de investigaci\u00f3n de la muerte de la joven iran\u00ed \u00a0Mahsa Amini.<\/p>\n<p>As\u00ed como de la \u00a0represi\u00f3n a las protestas posteriores, en las que han muerto m\u00e1s de 300 personas.<\/p>\n<p>En una sesi\u00f3n especial del Consejo de Derechos Humanos para debatir la actual crisis pol\u00edtica y social en Ir\u00e1n, Rehman solicit\u00f3 esta investigaci\u00f3n.<\/p>\n<p>Con el fin de \u00abatender las reclamaciones de las v\u00edctimas\u00bb en un pa\u00eds donde:<\/p>\n<p>\u00abLa impunidad estructural ha alimentado un patr\u00f3n de asesinatos, desapariciones forzadas, tortura y abusos\u00bb.<\/p>\n<p>&nbsp;<\/p>\n<h4>Intensificaci\u00f3n de la represi\u00f3n estatal<\/h4>\n<p>Rehman subray\u00f3 que, en l\u00ednea con estas viejas pr\u00e1cticas, el Estado iran\u00ed ha ordenado desde el inicio de las protestas, a mediados de septiembre.<\/p>\n<p>\u00abLa represi\u00f3n violenta a cualquier coste\u00bb, con \u00f3rdenes presidenciales de actuar \u00absin piedad\u00bb contra los manifestantes.<\/p>\n<p>El relator de Naciones Unidas agreg\u00f3 que la represi\u00f3n estatal contra los manifestantes est\u00e1 intensific\u00e1ndose.<\/p>\n<p>Ademas que solo en los \u00faltimos siete d\u00edas se han registrado entre 60 y 70 muertes.<\/p>\n<p>Esto\u00a0entre ellas cinco ni\u00f1os, especialmente en zonas de poblaci\u00f3n kurda.<\/p>\n<p>El relator de la ONU a\u00f1adi\u00f3 que muchos periodistas est\u00e1n recibiendo amenazas de muerte en la cobertura de las protestas.<\/p>\n<p>Adem\u00e1s que\u00a0mientras las autoridades en algunos casos est\u00e1n neg\u00e1ndose a devolver los cad\u00e1veres de los fallecidos bajo custodia.<\/p>\n<p>Esto\u00a0a menos que los familiares acepten sus exigencias. Rehman denunci\u00f3 que estas suelen consistir en no hablar a la prensa, no celebrar funerales.<\/p>\n<p>O bien de\u00a0enterrar a sus seres queridos en zonas apartadas, \u00aba menudo por la noche y en presencia de oficiales de inteligencia\u00bb.<\/p>\n","protected":false},"excerpt":{"rendered":"<p>El relator del organismo para Ir\u00e1n ha pedido crear un mecanismo internacional de investigaci\u00f3n. La ONU: Esto de la muerte de la joven iran\u00ed Mahsa Amini y de la represi\u00f3n a las protestas posteriores. Hombres con rostro cubierto se parapetan tras una trinchera. Las protestas no han cesado desde la muerte de Mahsa Amini en [&hellip;]<\/p>\n","protected":false},"author":1,"featured_media":10611,"comment_status":"open","ping_status":"closed","sticky":false,"template":"","format":"standard","meta":{"footnotes":""},"categories":[5,9],"tags":[],"class_list":["post-10609","post","type-post","status-publish","format-standard","has-post-thumbnail","hentry","category-internacional","category-politica"],"_links":{"self":[{"href":"https:\/\/podernacional.com\/index.php?rest_route=\/wp\/v2\/posts\/10609","targetHints":{"allow":["GET"]}}],"collection":[{"href":"https:\/\/podernacional.com\/index.php?rest_route=\/wp\/v2\/posts"}],"about":[{"href":"https:\/\/podernacional.com\/index.php?rest_route=\/wp\/v2\/types\/post"}],"author":[{"embeddable":true,"href":"https:\/\/podernacional.com\/index.php?rest_route=\/wp\/v2\/users\/1"}],"replies":[{"embeddable":true,"href":"https:\/\/podernacional.com\/index.php?rest_route=%2Fwp%2Fv2%2Fcomments&post=10609"}],"version-history":[{"count":1,"href":"https:\/\/podernacional.com\/index.php?rest_route=\/wp\/v2\/posts\/10609\/revisions"}],"predecessor-version":[{"id":10610,"href":"https:\/\/podernacional.com\/index.php?rest_route=\/wp\/v2\/posts\/10609\/revisions\/10610"}],"wp:featuredmedia":[{"embeddable":true,"href":"https:\/\/podernacional.com\/index.php?rest_route=\/wp\/v2\/media\/10611"}],"wp:attachment":[{"href":"https:\/\/podernacional.com\/index.php?rest_route=%2Fwp%2Fv2%2Fmedia&parent=10609"}],"wp:term":[{"taxonomy":"category","embeddable":true,"href":"https:\/\/podernacional.com\/index.php?rest_route=%2Fwp%2Fv2%2Fcategories&post=10609"},{"taxonomy":"post_tag","embeddable":true,"href":"https:\/\/podernacional.com\/index.php?rest_route=%2Fwp%2Fv2%2Ftags&post=10609"}],"curies":[{"name":"wp","href":"https:\/\/api.w.org\/{rel}","templated":true}]}}