{"id":10621,"date":"2022-11-24T19:20:26","date_gmt":"2022-11-25T00:20:26","guid":{"rendered":"https:\/\/podernacional.com\/?p=10621"},"modified":"2022-11-25T00:20:28","modified_gmt":"2022-11-25T00:20:28","slug":"congreso-de-quintana-roo-por-determinar-aumento-al-cobro-por-derecho-de-saneamiento","status":"publish","type":"post","link":"https:\/\/podernacional.com\/?p=10621","title":{"rendered":"Congreso de Quintana Roo, por determinar aumento al cobro por Derecho de Saneamiento"},"content":{"rendered":"<h4>El incremento aprobado la semana pasada por el cabildo de Benito Ju\u00e1rez eleva el porcentaje de cobro a 70% de una UMA<\/h4>\n<p>Congreso de Quintana Roo: Ademas que es decir que a partir del 2023 los visitantes tendr\u00edan que pagar 67.42 pesos por cuartos\/noche ocupados.<\/p>\n<p>En el Congreso de Quintana Roo se discute esta semana si se autoriza o no al ayuntamiento de Benito Ju\u00e1rez.<\/p>\n<p>Lo cual es para\u00a0incrementar el cobro por Derecho de Saneamiento Ambiental que pagan los turistas extranjeros que se hospedan en hoteles de Canc\u00fan.<\/p>\n<p>Actualmente los hoteleros retienen 30% de una Unidad de Medida y Actualizaci\u00f3n (UMA), es decir, 28.8 pesos por cuartos\/noche ocupados.<\/p>\n<p>El incremento aprobado la semana pasada por el cabildo de Benito Ju\u00e1rez eleva el porcentaje de cobro a 70% de una UMA.<\/p>\n<p>Esto quiere decir que a partir del 2023 los turistas tendr\u00edan que pagar 67.42 pesos por cuartos\/noche ocupados durante su estancia.<\/p>\n<p>Es decir, un incremento de m\u00e1s de 100% en t\u00e9rminos porcentuales.<\/p>\n<p>Bernardo Cueto Riestra, secretario de Turismo estatal, desestim\u00f3 las objeciones de los hoteleros de Canc\u00fan respecto del incremento aprobado por el ayuntamiento.<\/p>\n<p>&nbsp;<\/p>\n<h4>Mientras los hoteleros han argumentado que un pago de m\u00e1s del doble de lo que ya vienen pagando por cuarto\/noche ocupada los turistas.<\/h4>\n<p>Lo cual generar\u00e1 desventajas competitivas frente al resto de pa\u00edses de la regi\u00f3n Caribe, Cueto Riestra consider\u00f3.<\/p>\n<p>Lo cual\u00a0debe analizarse muy bien \u201cqu\u00e9 cobran en otros destinos\u201d.<\/p>\n<p>Adem\u00e1s de que el Caribe mexicano tiene muchas otras ventajas frente a otros pa\u00edses de la regi\u00f3n que s\u00f3lo ofrecen sol y playas.<\/p>\n<p>Debe analizarse no s\u00f3lo en cuanto al precio que se paga por venir a Canc\u00fan, sino en cuanto a lo que ofrecemos como experiencia.<\/p>\n<p>Esto porque no s\u00f3lo tenemos hermosas playas, sino que tenemos una cultura maya viviente, con zonas arqueol\u00f3gicas, cenotes, gastronom\u00eda.<\/p>\n<p>Entonces mejor debemos preocuparnos por mejorar las condiciones de nuestros destinos para seguir siendo competitivos\u201d, agreg\u00f3.<\/p>\n<p>Jes\u00fas Almaguer, presidente de la Asociaci\u00f3n de Hoteles de Canc\u00fan, Puerto Morelos e Isla Mujeres, dijo la semana pasada.<\/p>\n<p>Esto, tras aprobarse el incremento, que incluso pod\u00edan recurrir al amparo en caso de que se ratifique el alza por parte del Congreso del estado.<\/p>\n","protected":false},"excerpt":{"rendered":"<p>El incremento aprobado la semana pasada por el cabildo de Benito Ju\u00e1rez eleva el porcentaje de cobro a 70% de una UMA Congreso de Quintana Roo: Ademas que es decir que a partir del 2023 los visitantes tendr\u00edan que pagar 67.42 pesos por cuartos\/noche ocupados. En el Congreso de Quintana Roo se discute esta semana [&hellip;]<\/p>\n","protected":false},"author":1,"featured_media":10623,"comment_status":"open","ping_status":"closed","sticky":false,"template":"","format":"standard","meta":{"footnotes":""},"categories":[6,9,10],"tags":[],"class_list":["post-10621","post","type-post","status-publish","format-standard","has-post-thumbnail","hentry","category-local","category-politica","category-quintana-roo"],"_links":{"self":[{"href":"https:\/\/podernacional.com\/index.php?rest_route=\/wp\/v2\/posts\/10621","targetHints":{"allow":["GET"]}}],"collection":[{"href":"https:\/\/podernacional.com\/index.php?rest_route=\/wp\/v2\/posts"}],"about":[{"href":"https:\/\/podernacional.com\/index.php?rest_route=\/wp\/v2\/types\/post"}],"author":[{"embeddable":true,"href":"https:\/\/podernacional.com\/index.php?rest_route=\/wp\/v2\/users\/1"}],"replies":[{"embeddable":true,"href":"https:\/\/podernacional.com\/index.php?rest_route=%2Fwp%2Fv2%2Fcomments&post=10621"}],"version-history":[{"count":1,"href":"https:\/\/podernacional.com\/index.php?rest_route=\/wp\/v2\/posts\/10621\/revisions"}],"predecessor-version":[{"id":10622,"href":"https:\/\/podernacional.com\/index.php?rest_route=\/wp\/v2\/posts\/10621\/revisions\/10622"}],"wp:featuredmedia":[{"embeddable":true,"href":"https:\/\/podernacional.com\/index.php?rest_route=\/wp\/v2\/media\/10623"}],"wp:attachment":[{"href":"https:\/\/podernacional.com\/index.php?rest_route=%2Fwp%2Fv2%2Fmedia&parent=10621"}],"wp:term":[{"taxonomy":"category","embeddable":true,"href":"https:\/\/podernacional.com\/index.php?rest_route=%2Fwp%2Fv2%2Fcategories&post=10621"},{"taxonomy":"post_tag","embeddable":true,"href":"https:\/\/podernacional.com\/index.php?rest_route=%2Fwp%2Fv2%2Ftags&post=10621"}],"curies":[{"name":"wp","href":"https:\/\/api.w.org\/{rel}","templated":true}]}}