{"id":10630,"date":"2022-11-25T18:03:41","date_gmt":"2022-11-25T23:03:41","guid":{"rendered":"https:\/\/podernacional.com\/?p=10630"},"modified":"2022-11-25T23:03:43","modified_gmt":"2022-11-25T23:03:43","slug":"pedro-sanchez-primer-espanol-nombrado-presidente-de-la-internacional-socialista","status":"publish","type":"post","link":"https:\/\/podernacional.com\/?p=10630","title":{"rendered":"Pedro S\u00e1nchez, primer espa\u00f1ol nombrado presidente de la Internacional Socialista"},"content":{"rendered":"<h4>El secretario general del PSOE, \u00fanico candidato que se hab\u00eda presentado para dirigir la organizaci\u00f3n, es elegido por aclamaci\u00f3n:<\/h4>\n<p>Pedro S\u00e1nchez: \u201cHemos vuelto, somos m\u00e1s necesarios que nunca\u201d<\/p>\n<p>Pedro S\u00e1nchez se convierte en el primer espa\u00f1ol en ser nombrado presidente de la Internacional Socialista<\/p>\n<p>El presidente del Gobierno, Pedro S\u00e1nchez, interviene en la inauguraci\u00f3n del XXVI Congreso de la Internacional Socialista (IS).<\/p>\n<p>Esto, en la Feria de Madrid, IFEMA, este viernes.<\/p>\n<p>Fundada en 1951, la Internacional Socialista (IS) agrupa a 132 partidos socialistas, socialdem\u00f3cratas y liberale.<\/p>\n<p>Los cuales\u00a0que ha tenido como presidentes a iconos de la socialdemocracia como Willy Brandt y Ant\u00f3nio Guterres.<\/p>\n<p>Sobre el papel, se trata de una organizaci\u00f3n que deber\u00eda tener una enorme capacidad de influencia en los organismos internacionales.<\/p>\n<p>&nbsp;<\/p>\n<h4>Sin embargo, la IS languidece desde hace a\u00f1os con unos dirigentes que se hab\u00edan eternizado en sus cargos durante d\u00e9cadas.<\/h4>\n<p>Su hasta ahora presidente, Yorgos Papandreu, fue nombrado en 2006. Un chileno, Luis Ayala, era el secretario general desde 1989.<\/p>\n<p>Ademas que por m\u00e1s que los estatutos establecen, como en el caso del presidente.<\/p>\n<p>Ademas que solo pueden ser elegidos para un m\u00e1ximo de ocho a\u00f1os (dos mandatos).<\/p>\n<p>La progresiva decadencia de la IS la resumi\u00f3 como nadie Alfonso Guerra hace unas semanas:<\/p>\n<p>\u201cDije hace 30 a\u00f1os que la Internacional Socialista se estaba convirtiendo en una agencia de viajes\u201d.<\/p>\n<p>Con esto firm\u00f3, desde\u00f1ando la intenci\u00f3n de Pedro S\u00e1nchez de liderar la organizaci\u00f3n para renovarla y darle una dimensi\u00f3n global.<\/p>\n<p>El presidente del Gobierno y secretario general del PSOE, que ha sido elegido este viernes el primer presidente espa\u00f1ol de la IS.<\/p>\n<p>&nbsp;<\/p>\n<h4>Ademas de que\u00a0ha asumido el desaf\u00edo de vigorizar una organizaci\u00f3n durante lustros adormecida con un prop\u00f3sito:<\/h4>\n<p>Que \u201csea una gran plataforma ideol\u00f3gica del movimiento socialista internacional\u201d.<\/p>\n<p>\u201c\u00a1Hemos vuelto y estamos m\u00e1s vivos que nunca, somos m\u00e1s necesarios que nunca!\u201d, ha enfatizado S\u00e1nchez antes de su elecci\u00f3n.<\/p>\n<p>Esto\u00a0en el 26\u00ba Congreso de la Internacional Socialista por aclamaci\u00f3n:<\/p>\n<p>Ademas que era el \u00fanico candidato y no se han llegado a contar los votos ante la evidencia del repaldo que ha obtenido.<\/p>\n<p>La ghanesa Benedicta Lasi ha sido designada nueva secretaria general en el c\u00f3nclave que se celebra hasta el domingo en Madrid.<\/p>\n<p>El pago de las cuotas pendientes, que la mitad de partidos de la IS ten\u00edan pendiente, y que era preciso para poder votar.<\/p>\n<p>Adem\u00e1s que\u00a0es el primer s\u00edntoma del optimismo con que ha sido recibida la renovaci\u00f3n en la c\u00fapula del organismo.<\/p>\n<p>\u201cDebemos tener una colaboraci\u00f3n especialmente activa con las organizaciones internacionales, con Naciones Unidas a la cabeza\u201d.<\/p>\n<p>\u201cEl multilateralismo est\u00e1 en el coraz\u00f3n de la Internacional Socialista\u201d, ha sido otro de los objetivos a los que S\u00e1nchez se ha comprometido.<\/p>\n<p>Otro reto que tendr\u00e1 que afrontar es la vuelta del SPD: los socialistas alemanes abandonaron la organizaci\u00f3n hace una d\u00e9cada.<\/p>\n<p>Los socialistas suecos, otros referentes de la socialdemocracia y del Estado del Bienestar del que hacen bandera los pa\u00edses n\u00f3rdicos, tambi\u00e9n salieron de la IS.<\/p>\n","protected":false},"excerpt":{"rendered":"<p>El secretario general del PSOE, \u00fanico candidato que se hab\u00eda presentado para dirigir la organizaci\u00f3n, es elegido por aclamaci\u00f3n: Pedro S\u00e1nchez: \u201cHemos vuelto, somos m\u00e1s necesarios que nunca\u201d Pedro S\u00e1nchez se convierte en el primer espa\u00f1ol en ser nombrado presidente de la Internacional Socialista El presidente del Gobierno, Pedro S\u00e1nchez, interviene en la inauguraci\u00f3n del [&hellip;]<\/p>\n","protected":false},"author":1,"featured_media":10632,"comment_status":"open","ping_status":"closed","sticky":false,"template":"","format":"standard","meta":{"footnotes":""},"categories":[5,9],"tags":[],"class_list":["post-10630","post","type-post","status-publish","format-standard","has-post-thumbnail","hentry","category-internacional","category-politica"],"_links":{"self":[{"href":"https:\/\/podernacional.com\/index.php?rest_route=\/wp\/v2\/posts\/10630","targetHints":{"allow":["GET"]}}],"collection":[{"href":"https:\/\/podernacional.com\/index.php?rest_route=\/wp\/v2\/posts"}],"about":[{"href":"https:\/\/podernacional.com\/index.php?rest_route=\/wp\/v2\/types\/post"}],"author":[{"embeddable":true,"href":"https:\/\/podernacional.com\/index.php?rest_route=\/wp\/v2\/users\/1"}],"replies":[{"embeddable":true,"href":"https:\/\/podernacional.com\/index.php?rest_route=%2Fwp%2Fv2%2Fcomments&post=10630"}],"version-history":[{"count":1,"href":"https:\/\/podernacional.com\/index.php?rest_route=\/wp\/v2\/posts\/10630\/revisions"}],"predecessor-version":[{"id":10631,"href":"https:\/\/podernacional.com\/index.php?rest_route=\/wp\/v2\/posts\/10630\/revisions\/10631"}],"wp:featuredmedia":[{"embeddable":true,"href":"https:\/\/podernacional.com\/index.php?rest_route=\/wp\/v2\/media\/10632"}],"wp:attachment":[{"href":"https:\/\/podernacional.com\/index.php?rest_route=%2Fwp%2Fv2%2Fmedia&parent=10630"}],"wp:term":[{"taxonomy":"category","embeddable":true,"href":"https:\/\/podernacional.com\/index.php?rest_route=%2Fwp%2Fv2%2Fcategories&post=10630"},{"taxonomy":"post_tag","embeddable":true,"href":"https:\/\/podernacional.com\/index.php?rest_route=%2Fwp%2Fv2%2Ftags&post=10630"}],"curies":[{"name":"wp","href":"https:\/\/api.w.org\/{rel}","templated":true}]}}