{"id":10638,"date":"2022-11-25T20:06:20","date_gmt":"2022-11-26T01:06:20","guid":{"rendered":"https:\/\/podernacional.com\/?p=10638"},"modified":"2022-11-26T01:06:22","modified_gmt":"2022-11-26T01:06:22","slug":"preven-desabasto-de-pollo-en-q-roo-por-gripe-aviar-en-yucatan","status":"publish","type":"post","link":"https:\/\/podernacional.com\/?p=10638","title":{"rendered":"Prev\u00e9n desabasto de pollo en Q. Roo por gripe aviar en Yucat\u00e1n"},"content":{"rendered":"<h4>Implementan cerco sanitario y suspenden el ingreso de camiones con pollos procedentes del vecino<\/h4>\n<p>Desabasto de pollo : Con esto en Q. Roo proh\u00edbe entrada de pollo por gripe aviar en Yucat\u00e1n.<\/p>\n<p>Ante la presencia de gripe aviar en una granja de Yucat\u00e1n, el Comit\u00e9 de Fomento y Protecci\u00f3n Pecuaria de Quintana Roo.<\/p>\n<p>El cual\u00a0implement\u00f3 un cerco sanitario y se ha suspendido el ingreso de camiones con pollos procedentes de Yucat\u00e1n y Chiapas.<\/p>\n<p>Esto lo\u00a0confirm\u00f3 el presidente del organismo, Sergio Crisanto Morteo.<\/p>\n<p>En tanto, Jorge Romero Guerra, principal proveedor de pollo en el sur de la entidad.<\/p>\n<p>El cual\u00a0dijo que alrededor de 20 mil de estas aves entran diariamente a la entidad, debido a que no se cuenta con capacidad para almacenarlo.<\/p>\n<p>Ademas que por lo que prev\u00e9n desabasto tanto de pollo como de sus derivados.<\/p>\n<p>As\u00ed como el encarecimiento de los productos que los grandes comercios tengan refrigerados.<\/p>\n<p>\u201cHabr\u00e1 desabasto a partir de este viernes. De hecho, el 60% de los 150 vendedores de pollo en la capital del estado no abrieron hoy\u201d.<\/p>\n<p>&nbsp;<\/p>\n<h4>\u201cPuro pollo fr\u00edo es lo que se vendi\u00f3 desde el jueves, pero el precio subi\u00f3, de 58 a 70 pesos el kilo\u201d.<\/h4>\n<p>\u201cPara este jueves ya no pude ingresar cinco mil pollos para engorda\u201d, detall\u00f3 Joaqu\u00edn Cam\u00edn Card\u00edn, importador de pollo para crianza y engorda.<\/p>\n<p>Cabe se\u00f1alar que la Secretar\u00eda de Agricultura y Desarrollo Rural (Sader), report\u00f3 desde el pasado 22 de noviembre haber detectado el virus.<\/p>\n<p>En las aves de ocho granjas comerciales del pa\u00eds: cuatro en Sonora, dos en Jalisco, una en Nuevo Le\u00f3n y una en Yucat\u00e1n.<\/p>\n<p>Respecto a los establecimientos que pueden salir afectados, de acuerdo con los \u00faltimos datos del Instituto Nacional de Estad\u00edstica y Geograf\u00eda (Inegi).<\/p>\n<p>Adem\u00e1s que\u00a0en Quintana Roo hab\u00eda, previo a la pandemia por Covid 19, mil 203 establecimientos del sector restaurantero que manejaban pollo.<\/p>\n<p>En el caso de Benito Ju\u00e1rez, la situaci\u00f3n epidemiol\u00f3gica ya afecta desde ayer a los programas municipales que tambi\u00e9n manejan productos de aves.<\/p>\n<p>Esto\u00a0como es el caso de las \u201cgallinas ponedoras\u201d, ya que este jueves se planeaban entregar cinco mil gallinas a cuatro colonias de Canc\u00fan.<\/p>\n<p>Esto iba para beneficio de aproximadamente 180 familias.<\/p>\n<p>Pero hasta conseguir un nuevo proveedor que cuente con una certificaci\u00f3n del Servicio Nacional de Sanidad, Inocuidad.<\/p>\n<p>As\u00ed mismo de Calidad Agroalimentaria (Senasica), no se continuar\u00e1 con el programa.<\/p>\n","protected":false},"excerpt":{"rendered":"<p>Implementan cerco sanitario y suspenden el ingreso de camiones con pollos procedentes del vecino Desabasto de pollo : Con esto en Q. Roo proh\u00edbe entrada de pollo por gripe aviar en Yucat\u00e1n. Ante la presencia de gripe aviar en una granja de Yucat\u00e1n, el Comit\u00e9 de Fomento y Protecci\u00f3n Pecuaria de Quintana Roo. El cual\u00a0implement\u00f3 [&hellip;]<\/p>\n","protected":false},"author":1,"featured_media":10640,"comment_status":"open","ping_status":"closed","sticky":false,"template":"","format":"standard","meta":{"footnotes":""},"categories":[6,10,11],"tags":[],"class_list":["post-10638","post","type-post","status-publish","format-standard","has-post-thumbnail","hentry","category-local","category-quintana-roo","category-salud"],"_links":{"self":[{"href":"https:\/\/podernacional.com\/index.php?rest_route=\/wp\/v2\/posts\/10638","targetHints":{"allow":["GET"]}}],"collection":[{"href":"https:\/\/podernacional.com\/index.php?rest_route=\/wp\/v2\/posts"}],"about":[{"href":"https:\/\/podernacional.com\/index.php?rest_route=\/wp\/v2\/types\/post"}],"author":[{"embeddable":true,"href":"https:\/\/podernacional.com\/index.php?rest_route=\/wp\/v2\/users\/1"}],"replies":[{"embeddable":true,"href":"https:\/\/podernacional.com\/index.php?rest_route=%2Fwp%2Fv2%2Fcomments&post=10638"}],"version-history":[{"count":1,"href":"https:\/\/podernacional.com\/index.php?rest_route=\/wp\/v2\/posts\/10638\/revisions"}],"predecessor-version":[{"id":10639,"href":"https:\/\/podernacional.com\/index.php?rest_route=\/wp\/v2\/posts\/10638\/revisions\/10639"}],"wp:featuredmedia":[{"embeddable":true,"href":"https:\/\/podernacional.com\/index.php?rest_route=\/wp\/v2\/media\/10640"}],"wp:attachment":[{"href":"https:\/\/podernacional.com\/index.php?rest_route=%2Fwp%2Fv2%2Fmedia&parent=10638"}],"wp:term":[{"taxonomy":"category","embeddable":true,"href":"https:\/\/podernacional.com\/index.php?rest_route=%2Fwp%2Fv2%2Fcategories&post=10638"},{"taxonomy":"post_tag","embeddable":true,"href":"https:\/\/podernacional.com\/index.php?rest_route=%2Fwp%2Fv2%2Ftags&post=10638"}],"curies":[{"name":"wp","href":"https:\/\/api.w.org\/{rel}","templated":true}]}}