{"id":10650,"date":"2022-11-26T11:44:09","date_gmt":"2022-11-26T16:44:09","guid":{"rendered":"https:\/\/podernacional.com\/?p=10650"},"modified":"2022-11-26T16:44:13","modified_gmt":"2022-11-26T16:44:13","slug":"el-cine-es-infinidad-de-colores-y-emociones-festival-miradas-medellin-recibe-a-estados-alterados","status":"publish","type":"post","link":"https:\/\/podernacional.com\/?p=10650","title":{"rendered":"\u201cEl cine es infinidad de colores y emociones\u201d Festival Miradas Medell\u00edn recibe a Estados Alterados"},"content":{"rendered":"<h4>La agrupaci\u00f3n colombiana tiene un estilo caracter\u00edstico, con un pie aqu\u00ed y otro en la galaxia, su trabajo ha sido pionero en varios campos.<\/h4>\n<p>Festival Miradas Medell\u00edn: As\u00ed como tanto as\u00ed que una historia popular afirma que al preguntarle a Gustavo Cerati por una banda nacional que le gustara, sin dudarlo nombr\u00f3.<\/p>\n<p>Por estos d\u00edas, Medell\u00edn es el centro de la segunda edici\u00f3n del Festival Miradas Medell\u00edn.<\/p>\n<p>Un evento enfocado en el cine y las artes visuales que tendr\u00e1 un gran n\u00famero de actividades para el disfrute cultural<\/p>\n<p>\u00bfC\u00f3mo no hablar de uno de los m\u00e1s llamativos?<\/p>\n<p>Y es una agrupaci\u00f3n con m\u00e1s de 30 a\u00f1os de trayectoria y que siempre ha sido transgresora en cuanto a la m\u00fasica, los ritmos, instrumentos.<\/p>\n<p>As\u00ed como de\u00a0la industria se refiere, volver\u00e1 despu\u00e9s de 27 a\u00f1os al Teatro al Aire Libre Carlos Vieco.<\/p>\n<p>Ricky, que en realidad se llama Ricardo Restrepo, Elvis menos conocido como Fernando Sierra, Felipe, tambi\u00e9n llamado Wonder B.<\/p>\n<p>&nbsp;<\/p>\n<h4>Ademas de Natalia Valencia conforman Estados Alterados.<\/h4>\n<p>Interesados siempre por la cultura y por todo el arte que enaltece al ser humano.<\/p>\n<p>Al igual de que\u00a0afirmaron en entrevista con Caracoltv.com que se sienten orgullosos por ser parte del festival.<\/p>\n<p>As\u00ed como ellos tuvieron un inicio que, lo menos que se podr\u00eda decir, es que fue un boom en el momento.<\/p>\n<p>Tanto as\u00ed que, seg\u00fan Shock, fueron de los primeros latinoamericanos en aparecer en MTV internacional.<\/p>\n<p>Miradas Medell\u00edn ha mostrado poco a poco que tambi\u00e9n podr\u00eda convertirse en un gran fen\u00f3meno.<\/p>\n<p>&nbsp;<\/p>\n<h4>Ellos mismos lo aseguran y por eso saben que es un honor hacer parte de un nuevo inicio, uno que podr\u00eda posicionar a Medell\u00edn.<\/h4>\n<p>El cual\u00a0abrir\u00e1 puertas para otros encuentros culturales, ya sea del mismo tipo, o de otras industrias.<\/p>\n<p>Estados alterados camin\u00f3 para que otros pudieran correr.<\/p>\n<p>Por ende, m\u00e1s en un momento hist\u00f3rico en el que normalmente no se le daba un voto de confianza al rock nacional.<\/p>\n<p>En 1990 apostaron por ellos y desde entonces se convirtieron en lo que podr\u00edamos llamar \u201cdesadaptados que se adaptaron\u201d.<\/p>\n","protected":false},"excerpt":{"rendered":"<p>La agrupaci\u00f3n colombiana tiene un estilo caracter\u00edstico, con un pie aqu\u00ed y otro en la galaxia, su trabajo ha sido pionero en varios campos. Festival Miradas Medell\u00edn: As\u00ed como tanto as\u00ed que una historia popular afirma que al preguntarle a Gustavo Cerati por una banda nacional que le gustara, sin dudarlo nombr\u00f3. Por estos d\u00edas, [&hellip;]<\/p>\n","protected":false},"author":1,"featured_media":10652,"comment_status":"open","ping_status":"closed","sticky":false,"template":"","format":"standard","meta":{"footnotes":""},"categories":[4,5],"tags":[],"class_list":["post-10650","post","type-post","status-publish","format-standard","has-post-thumbnail","hentry","category-espectaculos","category-internacional"],"_links":{"self":[{"href":"https:\/\/podernacional.com\/index.php?rest_route=\/wp\/v2\/posts\/10650","targetHints":{"allow":["GET"]}}],"collection":[{"href":"https:\/\/podernacional.com\/index.php?rest_route=\/wp\/v2\/posts"}],"about":[{"href":"https:\/\/podernacional.com\/index.php?rest_route=\/wp\/v2\/types\/post"}],"author":[{"embeddable":true,"href":"https:\/\/podernacional.com\/index.php?rest_route=\/wp\/v2\/users\/1"}],"replies":[{"embeddable":true,"href":"https:\/\/podernacional.com\/index.php?rest_route=%2Fwp%2Fv2%2Fcomments&post=10650"}],"version-history":[{"count":1,"href":"https:\/\/podernacional.com\/index.php?rest_route=\/wp\/v2\/posts\/10650\/revisions"}],"predecessor-version":[{"id":10651,"href":"https:\/\/podernacional.com\/index.php?rest_route=\/wp\/v2\/posts\/10650\/revisions\/10651"}],"wp:featuredmedia":[{"embeddable":true,"href":"https:\/\/podernacional.com\/index.php?rest_route=\/wp\/v2\/media\/10652"}],"wp:attachment":[{"href":"https:\/\/podernacional.com\/index.php?rest_route=%2Fwp%2Fv2%2Fmedia&parent=10650"}],"wp:term":[{"taxonomy":"category","embeddable":true,"href":"https:\/\/podernacional.com\/index.php?rest_route=%2Fwp%2Fv2%2Fcategories&post=10650"},{"taxonomy":"post_tag","embeddable":true,"href":"https:\/\/podernacional.com\/index.php?rest_route=%2Fwp%2Fv2%2Ftags&post=10650"}],"curies":[{"name":"wp","href":"https:\/\/api.w.org\/{rel}","templated":true}]}}