{"id":10659,"date":"2022-11-26T12:42:04","date_gmt":"2022-11-26T17:42:04","guid":{"rendered":"https:\/\/podernacional.com\/?p=10659"},"modified":"2022-11-26T17:42:06","modified_gmt":"2022-11-26T17:42:06","slug":"afirma-secretario-de-seguridad-publica-de-quintana-roo-ir-por-buen-camino","status":"publish","type":"post","link":"https:\/\/podernacional.com\/?p=10659","title":{"rendered":"Afirma secretario de Seguridad P\u00fablica de Quintana Roo ir por buen camino"},"content":{"rendered":"<h4>A casi dos meses de la designaci\u00f3n de Rub\u00e9n Oyarvide Pedrero como secretario de Seguridad P\u00fablica de Quintana Roo.<\/h4>\n<p>Secretario de Seguridad P\u00fablica: Al igual que tambi\u00e9n contralmirante de la Secretar\u00eda de <a href=\"https:\/\/mobile.twitter.com\/SEMAR_mx\">Marina<\/a> destac\u00f3 que ya ha logrado entre dos y tres resultados.<\/p>\n<p>Aunque todav\u00eda falta mucho por hacer.<\/p>\n<p>\u201cNo digo que ya hayamos acabado, no traigo mi varita m\u00e1gica, pero creo que podemos decir que vamos por un buen camino\u201d.<\/p>\n<p>Esto lo\u00a0se\u00f1al\u00f3 en entrevista.<\/p>\n<p>Tambi\u00e9n indic\u00f3 que la reciente llegada de efectivos de la Marina coadyuva para fortalecer las acciones de disuasi\u00f3n y patrullajes, principalmente en zonas tur\u00edsticas.<\/p>\n<p>\u201cNo es necesario llenar, yo creo que hay que administrar las fuerzas que existen y emplear la tecnolog\u00eda, inteligencia, todo para poder operar\u201d.<\/p>\n<p>Esto lo\u00a0apunt\u00f3 al ser cuestionado sobre el posible arribo de m\u00e1s elementos federales.<\/p>\n<p>En tanto, antes de finalizar adelant\u00f3 que est\u00e1 en espera del presupuesto de 2023 para dise\u00f1ar proyectos que permitan innovar.<\/p>\n<p>Ademas de poder\u00a0realizar una reestructuraci\u00f3n de la corporaci\u00f3n a su cargo.<\/p>\n<p>Por ende, el secretario de Seguridad P\u00fablica del estado de Quintana Roo asegur\u00f3 que vamos por un buen camino.<\/p>\n<p>Lo afirm\u00f3 Rub\u00e9n Oyarvide Pedrero.<\/p>\n<p>Afirmaron en el \u00e1mbito de Seguridad P\u00fablica de Quintana Roo ir por buen camino<\/p>\n","protected":false},"excerpt":{"rendered":"<p>A casi dos meses de la designaci\u00f3n de Rub\u00e9n Oyarvide Pedrero como secretario de Seguridad P\u00fablica de Quintana Roo. Secretario de Seguridad P\u00fablica: Al igual que tambi\u00e9n contralmirante de la Secretar\u00eda de Marina destac\u00f3 que ya ha logrado entre dos y tres resultados. Aunque todav\u00eda falta mucho por hacer. \u201cNo digo que ya hayamos acabado, [&hellip;]<\/p>\n","protected":false},"author":1,"featured_media":10661,"comment_status":"open","ping_status":"closed","sticky":false,"template":"","format":"standard","meta":{"footnotes":""},"categories":[6,8,9,10],"tags":[],"class_list":["post-10659","post","type-post","status-publish","format-standard","has-post-thumbnail","hentry","category-local","category-policia","category-politica","category-quintana-roo"],"_links":{"self":[{"href":"https:\/\/podernacional.com\/index.php?rest_route=\/wp\/v2\/posts\/10659","targetHints":{"allow":["GET"]}}],"collection":[{"href":"https:\/\/podernacional.com\/index.php?rest_route=\/wp\/v2\/posts"}],"about":[{"href":"https:\/\/podernacional.com\/index.php?rest_route=\/wp\/v2\/types\/post"}],"author":[{"embeddable":true,"href":"https:\/\/podernacional.com\/index.php?rest_route=\/wp\/v2\/users\/1"}],"replies":[{"embeddable":true,"href":"https:\/\/podernacional.com\/index.php?rest_route=%2Fwp%2Fv2%2Fcomments&post=10659"}],"version-history":[{"count":1,"href":"https:\/\/podernacional.com\/index.php?rest_route=\/wp\/v2\/posts\/10659\/revisions"}],"predecessor-version":[{"id":10660,"href":"https:\/\/podernacional.com\/index.php?rest_route=\/wp\/v2\/posts\/10659\/revisions\/10660"}],"wp:featuredmedia":[{"embeddable":true,"href":"https:\/\/podernacional.com\/index.php?rest_route=\/wp\/v2\/media\/10661"}],"wp:attachment":[{"href":"https:\/\/podernacional.com\/index.php?rest_route=%2Fwp%2Fv2%2Fmedia&parent=10659"}],"wp:term":[{"taxonomy":"category","embeddable":true,"href":"https:\/\/podernacional.com\/index.php?rest_route=%2Fwp%2Fv2%2Fcategories&post=10659"},{"taxonomy":"post_tag","embeddable":true,"href":"https:\/\/podernacional.com\/index.php?rest_route=%2Fwp%2Fv2%2Ftags&post=10659"}],"curies":[{"name":"wp","href":"https:\/\/api.w.org\/{rel}","templated":true}]}}