{"id":10683,"date":"2022-11-28T18:23:11","date_gmt":"2022-11-28T23:23:11","guid":{"rendered":"https:\/\/podernacional.com\/?p=10683"},"modified":"2022-11-28T23:23:13","modified_gmt":"2022-11-28T23:23:13","slug":"piden-hoteleros-de-cancun-que-el-aumento-al-derecho-de-saneamiento-sea-gradual-y-a-partir-de-abril","status":"publish","type":"post","link":"https:\/\/podernacional.com\/?p=10683","title":{"rendered":"Piden hoteleros de Canc\u00fan que el aumento al derecho de saneamiento sea gradual y a partir de abril"},"content":{"rendered":"<h4>Piden hoteleros que el aumento al derecho de saneamiento sea gradual y a partir de abril<\/h4>\n<p>Hoteleros de Canc\u00fan; <a href=\"https:\/\/www.caribemexicano.travel\/cancun\/\">Cancun<\/a>, 23 de diciembre.- Playa Caracol de la Zona Hotelera, el ayuntamiento de Benito Juarez buscara que mas playas tengan el distintivo Blue Flag.<\/p>\n<p>Piden hoteleros que el aumento al derecho de saneamiento sea gradual y a partir de abril<\/p>\n<p>Luego de que la alcaldesa Ana Patricia Peralta de la Pe\u00f1a manifest\u00f3 estar \u201cmuy decepcionada\u201d de los hoteleros.<\/p>\n<p>Adem\u00e1s que\u00a0todo parece indicar que ese sector empresarial empez\u00f3 a ceder ante la propuesta de incrementar la tasa del derecho de saneamiento.<\/p>\n<p>Al igual de\u00a0que se cobra a los turistas que se hospedan en hoteles.<\/p>\n<p>Jes\u00fas Almaguer, presidente de la Asociaci\u00f3n de Hoteles de Canc\u00fan, Puerto Morelos e Islas Mujeres<\/p>\n<p>&nbsp;<\/p>\n<h4>Al igual\u00a0pidi\u00f3 que empiece a aplicarse a partir de abril del pr\u00f3ximo a\u00f1o y que se transparente su manejo.<\/h4>\n<p>El sector argumenta que el incremento debe aplicarse \u201cde forma gradual y razonable\u201d o de lo contrario se amparar\u00e1n en contra de la medida.<\/p>\n<p>Actualmente se cobra el 30% de una unidad de medida de actualizaci\u00f3n (UMA), que se cotiza en $96.22 pesos.<\/p>\n<p>Al igual que por cada noche en cuarto de hotel, es decir, $28.86 por habitaci\u00f3n, sin importar cu\u00e1ntas personas la ocupen.<\/p>\n<p>En el presupuesto de ingresos del Ayuntamiento para el pr\u00f3ximo a\u00f1o se estableci\u00f3 que a partir del 2023 se cobrar\u00eda el 70% de la UMA.<\/p>\n<p>Es decir, que el mencionado derecho pasar\u00eda de $28.86 a $67.35 pesos.<\/p>\n<p>Pues tomando en cuenta el valor actual de la Unidad de Medida de Actualizaci\u00f3n, que se actualiza cada 1 de febrero.<\/p>\n<p>En su momento la alcaldesa Ana Patricia de la Pe\u00f1a se dijo sorprendida y decepcionada de los hoteleros.<\/p>\n<p>&nbsp;<\/p>\n<h4>Al igual del\u00a0gremio del que forma parte su familia.<\/h4>\n<p>Debido a que, seg\u00fan dijo, en una reuni\u00f3n con ellos \u00e9stos estuvieron de acuerdo en el incremento.<\/p>\n<p>Sin embargo, d\u00edas despu\u00e9s Jes\u00fas Almaguer dijo que el sector hotelero no estaba de acuerdo con ese aumento.<\/p>\n<p>Con esto, debido a que afecta la competitividad del destino ante el resto del Caribe (Hoteleros de Canc\u00fan).<\/p>\n<p>Con el paso de los d\u00edas todo parece indicar que Almaguer ha cambiado de opini\u00f3n, pues se\u00f1ala que los hoteleros no est\u00e1n en contra.<\/p>\n<p>Pero s\u00ed piden que el aumento se aplique a partir de abril pr\u00f3ximo y con un porcentaje menor.<\/p>\n<p>\u201cEste aumento no afectar\u00e1 ante competidores como Rep\u00fablica Dominicana, Cuba o Jamaica\u201d, subray\u00f3.<\/p>\n","protected":false},"excerpt":{"rendered":"<p>Piden hoteleros que el aumento al derecho de saneamiento sea gradual y a partir de abril Hoteleros de Canc\u00fan; Cancun, 23 de diciembre.- Playa Caracol de la Zona Hotelera, el ayuntamiento de Benito Juarez buscara que mas playas tengan el distintivo Blue Flag. Piden hoteleros que el aumento al derecho de saneamiento sea gradual y [&hellip;]<\/p>\n","protected":false},"author":1,"featured_media":10685,"comment_status":"open","ping_status":"closed","sticky":false,"template":"","format":"standard","meta":{"footnotes":""},"categories":[6,9,10],"tags":[],"class_list":["post-10683","post","type-post","status-publish","format-standard","has-post-thumbnail","hentry","category-local","category-politica","category-quintana-roo"],"_links":{"self":[{"href":"https:\/\/podernacional.com\/index.php?rest_route=\/wp\/v2\/posts\/10683","targetHints":{"allow":["GET"]}}],"collection":[{"href":"https:\/\/podernacional.com\/index.php?rest_route=\/wp\/v2\/posts"}],"about":[{"href":"https:\/\/podernacional.com\/index.php?rest_route=\/wp\/v2\/types\/post"}],"author":[{"embeddable":true,"href":"https:\/\/podernacional.com\/index.php?rest_route=\/wp\/v2\/users\/1"}],"replies":[{"embeddable":true,"href":"https:\/\/podernacional.com\/index.php?rest_route=%2Fwp%2Fv2%2Fcomments&post=10683"}],"version-history":[{"count":1,"href":"https:\/\/podernacional.com\/index.php?rest_route=\/wp\/v2\/posts\/10683\/revisions"}],"predecessor-version":[{"id":10684,"href":"https:\/\/podernacional.com\/index.php?rest_route=\/wp\/v2\/posts\/10683\/revisions\/10684"}],"wp:featuredmedia":[{"embeddable":true,"href":"https:\/\/podernacional.com\/index.php?rest_route=\/wp\/v2\/media\/10685"}],"wp:attachment":[{"href":"https:\/\/podernacional.com\/index.php?rest_route=%2Fwp%2Fv2%2Fmedia&parent=10683"}],"wp:term":[{"taxonomy":"category","embeddable":true,"href":"https:\/\/podernacional.com\/index.php?rest_route=%2Fwp%2Fv2%2Fcategories&post=10683"},{"taxonomy":"post_tag","embeddable":true,"href":"https:\/\/podernacional.com\/index.php?rest_route=%2Fwp%2Fv2%2Ftags&post=10683"}],"curies":[{"name":"wp","href":"https:\/\/api.w.org\/{rel}","templated":true}]}}