{"id":10698,"date":"2022-11-29T18:25:54","date_gmt":"2022-11-29T23:25:54","guid":{"rendered":"https:\/\/podernacional.com\/?p=10698"},"modified":"2022-11-29T23:25:56","modified_gmt":"2022-11-29T23:25:56","slug":"el-festival-de-rock-sinaloa-mostrara-a-la-juventud-y-el-rock-de-hoy-asegura-isic","status":"publish","type":"post","link":"https:\/\/podernacional.com\/?p=10698","title":{"rendered":"El Festival de Rock Sinaloa mostrar\u00e1 \u201ca la juventud y el rock de hoy\u201d, asegura ISIC"},"content":{"rendered":"<h4>Dan a conocer line up para Festival de Rock Sinaloa 2022.<\/h4>\n<p>El Festival de Rock Sinaloa: Adem\u00e1s, es la primera vez que habr\u00e1 solo una banda de Culiac\u00e1n en el concierto principal<\/p>\n<p>Las bandas seleccionadas en el Festival de Rock Sinaloa 2022 mostrar\u00e1n el momento que se est\u00e1 viviendo, el contexto de la juventud.<\/p>\n<p>As\u00ed como\u00a0del rock de hoy, asegur\u00f3 Rodolfo Arriaga, director de Programaci\u00f3n del Instituto Sinaloense de Cultura (ISIC).<\/p>\n<p>Este martes, a trav\u00e9s de una rueda de prensa en l\u00ednea, se dio a conocer el line up de las bandas sinaloenses.<\/p>\n<p>Las cuales participar\u00e1n en la edici\u00f3n 2022 del Festival de Rock Sinaloa.<\/p>\n<p>Adem\u00e1s de esto luego de dos a\u00f1os en que el evento no se desarroll\u00f3 de manera presencial debido a la pandemia de Coronavirus.<\/p>\n<p>A pesar de lo apresurado de la convocatoria, los administradores del ISIC indicaron que en el lapso de una semana.<\/p>\n<p>&nbsp;<\/p>\n<h4>Adem\u00e1s que se recibieron m\u00e1s de 80 propuestas de bandas de rock de las principales ciudades del estado.<\/h4>\n<p>De estas, un jurado ciudadano compuesto por Erwin Rodr\u00edguez, Kathleen Galindo y Francisco Pietsch, eligieron a 5 propuestas de Mazatl\u00e1n.<\/p>\n<p>As\u00ed como de\u00a0dos de Navolato y una de Culiac\u00e1n.<\/p>\n<p>Estos dos conciertos se realizar\u00e1n de 16:00 a 23:00 horas en el Parque Las Riberas, en la secci\u00f3n del Paseo Ni\u00f1os H\u00e9roes.<\/p>\n<p>Esto\u00a0a la altura de las calles Juan Sep\u00falveda y Jorge Granados, donde se instalar\u00e1 el bazar TodoChido, con m\u00e1s de 150 locales.<\/p>\n<p>Con productos gastron\u00f3micos y otras mercanc\u00edas a precios de bazar.<\/p>\n<p>\u201cEn el asunto este de las bandas que no entran a la selecci\u00f3n, yo lo comento con ellos\u201d.<\/p>\n<p>\u201cAdem\u00e1s que me dicen que ahorita ya esas bandas no corresponden al momento que se est\u00e1 viviendo (\u2026)\u201d.<\/p>\n<p>\u201cAl igual que\u00a0tenemos que respetar de acuerdo al momento que se est\u00e1 viviendo y al contexto de la juventud y del rock de hoy\u201d.<\/p>\n<p>\u201cEn ese sentido ellos est\u00e1n muy avezados en esto\u201d, dijo Arriaga respecto al comit\u00e9 ciudadano y los jueces seleccionadores.<\/p>\n<p>&nbsp;<\/p>\n<h4>Para el d\u00eda 9 de diciembre se seleccion\u00f3 a Cafe\u00edna Gris de Navolato, a Infectoy de Mazatl\u00e1n, Mr. Blaky de Mazatl\u00e1n, Wolves and Ashes.<\/h4>\n<p>Tambi\u00e9n de Mazatl\u00e1n y Asian Girl de Hermosillo como banda invitada.<\/p>\n<p>Para el d\u00eda 10 de diciembre ser\u00e1n el Guitartista de Mazatl\u00e1n, Guerrilleros Band de Mazatl\u00e1n, Pacifico Norte de Culiac\u00e1n y Virusz de Navolato.<\/p>\n<p>Cabe destacar que en los pr\u00f3ximos d\u00edas se estar\u00e1n dando a conocer los nombres de las bandas nacionales invitadas al evento.<\/p>\n<p>Como parte del Festival tambi\u00e9n habr\u00e1 dos eventos previos en Los Mochis y Mazatl\u00e1n, en los cuales participar\u00e1n bandas como L\u00edquido de Los Mochis.<\/p>\n<p>As\u00ed como de\u00a0Trashers Inc de Los Mochis, Piedras Muertas de Mazatl\u00e1n, La Maldici\u00f3n de San Judas de Culiac\u00e1n y Alter Ego de Mazatl\u00e1n.<\/p>\n","protected":false},"excerpt":{"rendered":"<p>Dan a conocer line up para Festival de Rock Sinaloa 2022. El Festival de Rock Sinaloa: Adem\u00e1s, es la primera vez que habr\u00e1 solo una banda de Culiac\u00e1n en el concierto principal Las bandas seleccionadas en el Festival de Rock Sinaloa 2022 mostrar\u00e1n el momento que se est\u00e1 viviendo, el contexto de la juventud. As\u00ed [&hellip;]<\/p>\n","protected":false},"author":1,"featured_media":10700,"comment_status":"open","ping_status":"closed","sticky":false,"template":"","format":"standard","meta":{"footnotes":""},"categories":[4,5],"tags":[],"class_list":["post-10698","post","type-post","status-publish","format-standard","has-post-thumbnail","hentry","category-espectaculos","category-internacional"],"_links":{"self":[{"href":"https:\/\/podernacional.com\/index.php?rest_route=\/wp\/v2\/posts\/10698","targetHints":{"allow":["GET"]}}],"collection":[{"href":"https:\/\/podernacional.com\/index.php?rest_route=\/wp\/v2\/posts"}],"about":[{"href":"https:\/\/podernacional.com\/index.php?rest_route=\/wp\/v2\/types\/post"}],"author":[{"embeddable":true,"href":"https:\/\/podernacional.com\/index.php?rest_route=\/wp\/v2\/users\/1"}],"replies":[{"embeddable":true,"href":"https:\/\/podernacional.com\/index.php?rest_route=%2Fwp%2Fv2%2Fcomments&post=10698"}],"version-history":[{"count":1,"href":"https:\/\/podernacional.com\/index.php?rest_route=\/wp\/v2\/posts\/10698\/revisions"}],"predecessor-version":[{"id":10699,"href":"https:\/\/podernacional.com\/index.php?rest_route=\/wp\/v2\/posts\/10698\/revisions\/10699"}],"wp:featuredmedia":[{"embeddable":true,"href":"https:\/\/podernacional.com\/index.php?rest_route=\/wp\/v2\/media\/10700"}],"wp:attachment":[{"href":"https:\/\/podernacional.com\/index.php?rest_route=%2Fwp%2Fv2%2Fmedia&parent=10698"}],"wp:term":[{"taxonomy":"category","embeddable":true,"href":"https:\/\/podernacional.com\/index.php?rest_route=%2Fwp%2Fv2%2Fcategories&post=10698"},{"taxonomy":"post_tag","embeddable":true,"href":"https:\/\/podernacional.com\/index.php?rest_route=%2Fwp%2Fv2%2Ftags&post=10698"}],"curies":[{"name":"wp","href":"https:\/\/api.w.org\/{rel}","templated":true}]}}