{"id":10725,"date":"2022-11-30T18:11:15","date_gmt":"2022-11-30T23:11:15","guid":{"rendered":"https:\/\/podernacional.com\/?p=10725"},"modified":"2022-11-30T23:11:17","modified_gmt":"2022-11-30T23:11:17","slug":"el-esperado-festival-de-jazz-de-baku-vuelve-a-la-accion-para-su-17a-edicion","status":"publish","type":"post","link":"https:\/\/podernacional.com\/?p=10725","title":{"rendered":"El esperado Festival de Jazz de Bak\u00fa vuelve a la acci\u00f3n para su 17\u00aa edici\u00f3n"},"content":{"rendered":"<h4>El ritmo del amado Festival de Jazz de Bak\u00fa reson\u00f3 recientemente en la capital de Azerbaiy\u00e1n en su 17\u00aa edici\u00f3n.<\/h4>\n<p>Festival de Jazz de Bak\u00fa: El evento busca reunir una mezcla ecl\u00e9ctica de m\u00fasicos y bandas de todo el mundo.<\/p>\n<p>El jazz lleg\u00f3 por primera vez en Azerbaiy\u00e1n a principios del siglo XX.<\/p>\n<p>Desde entonces, se ha arraigado profundamente en la cultura del pa\u00eds y sigue siendo popular a d\u00eda de hoy.<\/p>\n<p>Entre los presentes este a\u00f1o se encontraba el c\u00e9lebre compositor y baterista Yogev Shetrit.<\/p>\n<p>Un sello distintivo del trabajo de Shetrit es la fusi\u00f3n de los tonos tradicionales del norte de \u00c1frica.<\/p>\n<p>As\u00ed como del Mediterr\u00e1neo con el jazz contempor\u00e1neo.<\/p>\n<p>\u00abEsta noche vamos a presentar y tocar mis propias composiciones de los \u00e1lbumes &#8216;New Path&#8217; y &#8216;Serenity'\u00bb, dijo Shetrit.<\/p>\n<p>&nbsp;<\/p>\n<h4>El baterista y compositor tambi\u00e9n le dijo que los fan\u00e1ticos deber\u00edan escuchar: \u00abUna composici\u00f3n tributo de Aziza Mustafazade\u00bb.<\/h4>\n<p>Adem\u00e1s que describi\u00f3 como \u00abun reconocimiento a la cultura de Azerbaiy\u00e1n\u00bb.<\/p>\n<p>Cuarteto de Estambul: \u00abUn proyecto multicultural\u00bb<\/p>\n<p>Este a\u00f1o tambi\u00e9n asisti\u00f3 el Cuarteto de Estambul de Michael Schiefel.<\/p>\n<p>Este comenz\u00f3 inspirado en la escena del jazz posterior a la ca\u00edda del muro de Berl\u00edn a principios de la d\u00e9cada de 1990.<\/p>\n<p>Schiefel ha trabajado en una amplia gama de proyectos en solitario y en banda, incluida su \u00faltima encarnaci\u00f3n.<\/p>\n<p>\u00abDos miembros del Cuarteto de Estambul son\u00a0de Turqu\u00eda, uno de ellos es de Grecia\u201d.<\/p>\n<p>\u201cAdem\u00e1s que\u00a0yo soy de Alemania, por lo que es un proyecto multicultural\u00bb, explic\u00f3 Schiefel.<\/p>\n<p>Este afirma: \u00abEscrib\u00ed toda la m\u00fasica para ellos yo mismo\u201d.<\/p>\n<p>\u201cAl igual\u00a0por lo que estoy muy feliz porque toda la m\u00fasica est\u00e1 inspirada en el tiempo que pas\u00e9 en Estambul\u00bb.<\/p>\n<p>&nbsp;<\/p>\n<h4>Distinto y diverso<\/h4>\n<p>Cada a\u00f1o, el festival en Bak\u00fa ve tocar a una amplia gama de m\u00fasicos en varios lugares de la ciudad.<\/p>\n<p>Uno de esos grupos es el d\u00fao italiano Federico Casagrande y Fulvio Sigurt\u00e0.<\/p>\n<p>D\u00fao italiano Federico Casagrande y Fulvio Sigurt\u00e0Euronews<\/p>\n<p>\u00abFulvio y yo nos conocimos hace 15 a\u00f1os y desde entonces hemos tocado juntos\u00bb, aclara Federico.<\/p>\n<p>\u00abLa guitarra es un instrumento arm\u00f3nico y la trompeta es un instrumento mel\u00f3dico, por lo que tendr\u00eda sentido hacer cosas juntos\u00bb, agreg\u00f3.<\/p>\n<p>\u00abAmbos escribimos m\u00fasica para este d\u00fao a lo largo de los a\u00f1os, m\u00fasica muy diferente y seguimos creciendo y tocando juntos desde entonces\u00bb.<\/p>\n<p>El Festival de Jazz de Bak\u00fa vuelve a la acci\u00f3n para su 17\u00aa edici\u00f3n<\/p>\n","protected":false},"excerpt":{"rendered":"<p>El ritmo del amado Festival de Jazz de Bak\u00fa reson\u00f3 recientemente en la capital de Azerbaiy\u00e1n en su 17\u00aa edici\u00f3n. Festival de Jazz de Bak\u00fa: El evento busca reunir una mezcla ecl\u00e9ctica de m\u00fasicos y bandas de todo el mundo. El jazz lleg\u00f3 por primera vez en Azerbaiy\u00e1n a principios del siglo XX. Desde entonces, [&hellip;]<\/p>\n","protected":false},"author":1,"featured_media":10727,"comment_status":"open","ping_status":"closed","sticky":false,"template":"","format":"standard","meta":{"footnotes":""},"categories":[4,5],"tags":[],"class_list":["post-10725","post","type-post","status-publish","format-standard","has-post-thumbnail","hentry","category-espectaculos","category-internacional"],"_links":{"self":[{"href":"https:\/\/podernacional.com\/index.php?rest_route=\/wp\/v2\/posts\/10725","targetHints":{"allow":["GET"]}}],"collection":[{"href":"https:\/\/podernacional.com\/index.php?rest_route=\/wp\/v2\/posts"}],"about":[{"href":"https:\/\/podernacional.com\/index.php?rest_route=\/wp\/v2\/types\/post"}],"author":[{"embeddable":true,"href":"https:\/\/podernacional.com\/index.php?rest_route=\/wp\/v2\/users\/1"}],"replies":[{"embeddable":true,"href":"https:\/\/podernacional.com\/index.php?rest_route=%2Fwp%2Fv2%2Fcomments&post=10725"}],"version-history":[{"count":1,"href":"https:\/\/podernacional.com\/index.php?rest_route=\/wp\/v2\/posts\/10725\/revisions"}],"predecessor-version":[{"id":10726,"href":"https:\/\/podernacional.com\/index.php?rest_route=\/wp\/v2\/posts\/10725\/revisions\/10726"}],"wp:featuredmedia":[{"embeddable":true,"href":"https:\/\/podernacional.com\/index.php?rest_route=\/wp\/v2\/media\/10727"}],"wp:attachment":[{"href":"https:\/\/podernacional.com\/index.php?rest_route=%2Fwp%2Fv2%2Fmedia&parent=10725"}],"wp:term":[{"taxonomy":"category","embeddable":true,"href":"https:\/\/podernacional.com\/index.php?rest_route=%2Fwp%2Fv2%2Fcategories&post=10725"},{"taxonomy":"post_tag","embeddable":true,"href":"https:\/\/podernacional.com\/index.php?rest_route=%2Fwp%2Fv2%2Ftags&post=10725"}],"curies":[{"name":"wp","href":"https:\/\/api.w.org\/{rel}","templated":true}]}}