{"id":10731,"date":"2022-11-30T18:29:35","date_gmt":"2022-11-30T23:29:35","guid":{"rendered":"https:\/\/podernacional.com\/?p=10731"},"modified":"2022-11-30T23:29:37","modified_gmt":"2022-11-30T23:29:37","slug":"dia-internacional-de-la-seguridad-de-la-informacion-por-que-se-celebra-cada-30-de-noviembre","status":"publish","type":"post","link":"https:\/\/podernacional.com\/?p=10731","title":{"rendered":"D\u00eda Internacional de la Seguridad de la Informaci\u00f3n: \u00bfPor qu\u00e9 se celebra cada 30 de noviembre?"},"content":{"rendered":"<h4>Enterate por qu\u00e9 se estableci\u00f3 la fecha que vela por la precauci\u00f3n y seguridad contra los ciberdelitos.<\/h4>\n<p>Seguridad de la Informaci\u00f3n: As\u00ed como qu\u00e9 pod\u00e9s hacer para reforzar tu seguridad en l\u00ednea.<\/p>\n<p>Efem\u00e9rides: D\u00eda Internacional de la Seguridad de la Informaci\u00f3n.<\/p>\n<p>Hoy, 30 de noviembre, es el D\u00eda Internacional de la Seguridad de la Informaci\u00f3n, o en ingl\u00e9s, el International Computer Security Day.<\/p>\n<p>Como iniciativa de la Association for Computing Machinery (ACM), fue presentada como una de las efem\u00e9rides necesarias de ser recordadas.<\/p>\n<p>Esta fecha surgi\u00f3 en el a\u00f1o 1988, en consecuencia del primer caso de malware de propagaci\u00f3n en red que se registr\u00f3 en el mundo.<\/p>\n<p>Se trata del caso conocido como \u00abGusanos de Morris\u00bb, que afecto al 10% de las maquinas conectadas a Internet en ese momento, que era Aparnet.<\/p>\n<p>Luego de esta situaci\u00f3n la ACM, estableci\u00f3 que todos y cada uno de los 30 de noviembre deb\u00eda ser un d\u00eda para recordar la obligaci\u00f3n.<\/p>\n<p>As\u00ed como de necesidad que tienen los usuarios de proteger sus datos de cualquier tipo de acci\u00f3n corrupta que puede ocurrir en el plano digital.<\/p>\n<p>&nbsp;<\/p>\n<h4>Seguridad digital: 5 consejos para prevenir ataques en Internet<\/h4>\n<p>Buena elecci\u00f3n de contrase\u00f1as: Las claves generadas deben tener cierto grado de dificultad e incluir may\u00fasculas, n\u00fameros y caracteres especiales.<\/p>\n<p>Adem\u00e1s, es recomendable que no se utilice informaci\u00f3n personal para las contrase\u00f1as.<\/p>\n<p>Adem\u00e1s de evitar los nombres de mascotas, fechas de nacimiento y direcciones particulares.<\/p>\n<p>Es importante no utilizar la misma contrase\u00f1a para todas las cuentas.<\/p>\n<p>Evitar redes de Wifi p\u00fablico: para entrar a las cuentas bancarias, mails o resolver asuntos importantes utiliz\u00e1 una red privada y segura.<\/p>\n<p>Actualizar el software: Es importante realizarlas porque las actualizaciones buscan crear parches en brechas.<\/p>\n<p>As\u00ed como\u00a0que ha dejado libre la versi\u00f3n anterior y que pone en riesgo nuestros datos.<\/p>\n<p>No descargar contenido de cualquier sitio: Antes de bajar im\u00e1genes, videos, documentos o archivos adjuntos hay que verificar que el sitio sea confiable.<\/p>\n<p>El celular es igual a la computadora: Al igual que en la PC, en los dispositivos m\u00f3viles hay que seguir los mismos pasos de seguridad.<\/p>\n<p>Adem\u00e1s de\u00a0tomar precauciones e instalar antivirus.<\/p>\n","protected":false},"excerpt":{"rendered":"<p>Enterate por qu\u00e9 se estableci\u00f3 la fecha que vela por la precauci\u00f3n y seguridad contra los ciberdelitos. Seguridad de la Informaci\u00f3n: As\u00ed como qu\u00e9 pod\u00e9s hacer para reforzar tu seguridad en l\u00ednea. Efem\u00e9rides: D\u00eda Internacional de la Seguridad de la Informaci\u00f3n. Hoy, 30 de noviembre, es el D\u00eda Internacional de la Seguridad de la Informaci\u00f3n, [&hellip;]<\/p>\n","protected":false},"author":1,"featured_media":10733,"comment_status":"open","ping_status":"closed","sticky":false,"template":"","format":"standard","meta":{"footnotes":""},"categories":[2,5,13],"tags":[],"class_list":["post-10731","post","type-post","status-publish","format-standard","has-post-thumbnail","hentry","category-cultural","category-internacional","category-tecnologia"],"_links":{"self":[{"href":"https:\/\/podernacional.com\/index.php?rest_route=\/wp\/v2\/posts\/10731","targetHints":{"allow":["GET"]}}],"collection":[{"href":"https:\/\/podernacional.com\/index.php?rest_route=\/wp\/v2\/posts"}],"about":[{"href":"https:\/\/podernacional.com\/index.php?rest_route=\/wp\/v2\/types\/post"}],"author":[{"embeddable":true,"href":"https:\/\/podernacional.com\/index.php?rest_route=\/wp\/v2\/users\/1"}],"replies":[{"embeddable":true,"href":"https:\/\/podernacional.com\/index.php?rest_route=%2Fwp%2Fv2%2Fcomments&post=10731"}],"version-history":[{"count":1,"href":"https:\/\/podernacional.com\/index.php?rest_route=\/wp\/v2\/posts\/10731\/revisions"}],"predecessor-version":[{"id":10732,"href":"https:\/\/podernacional.com\/index.php?rest_route=\/wp\/v2\/posts\/10731\/revisions\/10732"}],"wp:featuredmedia":[{"embeddable":true,"href":"https:\/\/podernacional.com\/index.php?rest_route=\/wp\/v2\/media\/10733"}],"wp:attachment":[{"href":"https:\/\/podernacional.com\/index.php?rest_route=%2Fwp%2Fv2%2Fmedia&parent=10731"}],"wp:term":[{"taxonomy":"category","embeddable":true,"href":"https:\/\/podernacional.com\/index.php?rest_route=%2Fwp%2Fv2%2Fcategories&post=10731"},{"taxonomy":"post_tag","embeddable":true,"href":"https:\/\/podernacional.com\/index.php?rest_route=%2Fwp%2Fv2%2Ftags&post=10731"}],"curies":[{"name":"wp","href":"https:\/\/api.w.org\/{rel}","templated":true}]}}