{"id":10737,"date":"2022-11-30T18:49:45","date_gmt":"2022-11-30T23:49:45","guid":{"rendered":"https:\/\/podernacional.com\/?p=10737"},"modified":"2022-11-30T23:49:47","modified_gmt":"2022-11-30T23:49:47","slug":"los-cabos-puerto-vallarta-y-cancun-en-el-top-ten-de-destinos-globales-que-mas-crecieron","status":"publish","type":"post","link":"https:\/\/podernacional.com\/?p=10737","title":{"rendered":"Los Cabos, Puerto Vallarta y Canc\u00fan, en el Top Ten de destinos globales que m\u00e1s crecieron"},"content":{"rendered":"<h4>La <a href=\"https:\/\/whatsappmexico.com\/?p=10909\">demanda<\/a> mundial por destinos de sol y playa se dispar\u00f3 en 2022.<\/h4>\n<p>Top Ten de destinos globales: En esta tendencia, tres ciudades mexicanas se situaron en el Top Ten global de destinos con mayor crecimiento, tomando como referencia las cifras de 2019.<\/p>\n<p>San Jos\u00e9 del Cabo ocup\u00f3 el segundo lugar, con un crecimiento de 22% respecto a los niveles prepandemia.<\/p>\n<p>Puerto Vallarta se situ\u00f3 en el tercer sitio con un incremento de 13%, frente al 2019.<\/p>\n<p>Y Canc\u00fan tiene la sexta plaza, con un diferencial positivo de 9% respecto a hace tres a\u00f1os.<\/p>\n<p>La lista que considera arribos de turistas v\u00eda a\u00e9rea fue dada a conocer en el contexto del WTTC.<\/p>\n<p>&nbsp;<\/p>\n<h4>Adem\u00e1s de que fue elaborada por una firma especializada en anal\u00edtica de datos, Forward Keys.<\/h4>\n<p>Es significativo que de los primeros seis lugares, cinco son de destinos que corresponden a Am\u00e9rica Latina y el Caribe.<\/p>\n<p>La \u00fanica excepci\u00f3n es Anatolia, un destino de sol y playa ubicado en Turqu\u00eda.<\/p>\n<p>Esta ciudad ocupa el primer lugar de la lista con un crecimiento del 66 por ciento.<\/p>\n<p>Adem\u00e1s de San Jos\u00e9 del Cabo, Puerto Vallarta y Canc\u00fan, est\u00e1n Punta Cana y San Salvador.<\/p>\n<p>La excelente posici\u00f3n de los destinos de esta regi\u00f3n es:<\/p>\n<p>\u00abUn testimonio del \u00e9xito de las pol\u00edticas de puertas abiertas y de la demanda de sol y playas\u00bb.<\/p>\n<p>Esto lo\u00a0dice el reporte que utiliza principalmente dos datos, el arribo de turistas y la capacidad de asientos de las aerol\u00edneas.<\/p>\n<p>Los Cabos, Puerto Vallarta y Canc\u00fan, en el Top Ten de destinos globales que m\u00e1s crecieron<\/p>\n","protected":false},"excerpt":{"rendered":"<p>La demanda mundial por destinos de sol y playa se dispar\u00f3 en 2022. Top Ten de destinos globales: En esta tendencia, tres ciudades mexicanas se situaron en el Top Ten global de destinos con mayor crecimiento, tomando como referencia las cifras de 2019. San Jos\u00e9 del Cabo ocup\u00f3 el segundo lugar, con un crecimiento de [&hellip;]<\/p>\n","protected":false},"author":1,"featured_media":10739,"comment_status":"open","ping_status":"closed","sticky":false,"template":"","format":"standard","meta":{"footnotes":""},"categories":[6,10],"tags":[],"class_list":["post-10737","post","type-post","status-publish","format-standard","has-post-thumbnail","hentry","category-local","category-quintana-roo"],"_links":{"self":[{"href":"https:\/\/podernacional.com\/index.php?rest_route=\/wp\/v2\/posts\/10737","targetHints":{"allow":["GET"]}}],"collection":[{"href":"https:\/\/podernacional.com\/index.php?rest_route=\/wp\/v2\/posts"}],"about":[{"href":"https:\/\/podernacional.com\/index.php?rest_route=\/wp\/v2\/types\/post"}],"author":[{"embeddable":true,"href":"https:\/\/podernacional.com\/index.php?rest_route=\/wp\/v2\/users\/1"}],"replies":[{"embeddable":true,"href":"https:\/\/podernacional.com\/index.php?rest_route=%2Fwp%2Fv2%2Fcomments&post=10737"}],"version-history":[{"count":1,"href":"https:\/\/podernacional.com\/index.php?rest_route=\/wp\/v2\/posts\/10737\/revisions"}],"predecessor-version":[{"id":10738,"href":"https:\/\/podernacional.com\/index.php?rest_route=\/wp\/v2\/posts\/10737\/revisions\/10738"}],"wp:featuredmedia":[{"embeddable":true,"href":"https:\/\/podernacional.com\/index.php?rest_route=\/wp\/v2\/media\/10739"}],"wp:attachment":[{"href":"https:\/\/podernacional.com\/index.php?rest_route=%2Fwp%2Fv2%2Fmedia&parent=10737"}],"wp:term":[{"taxonomy":"category","embeddable":true,"href":"https:\/\/podernacional.com\/index.php?rest_route=%2Fwp%2Fv2%2Fcategories&post=10737"},{"taxonomy":"post_tag","embeddable":true,"href":"https:\/\/podernacional.com\/index.php?rest_route=%2Fwp%2Fv2%2Ftags&post=10737"}],"curies":[{"name":"wp","href":"https:\/\/api.w.org\/{rel}","templated":true}]}}