{"id":10755,"date":"2022-12-01T19:12:47","date_gmt":"2022-12-02T00:12:47","guid":{"rendered":"https:\/\/podernacional.com\/?p=10755"},"modified":"2022-12-02T00:12:49","modified_gmt":"2022-12-02T00:12:49","slug":"cancun-sigue-en-los-primeros-lugares-nacionales-de-violencia-contra-la-mujer-ciam","status":"publish","type":"post","link":"https:\/\/podernacional.com\/?p=10755","title":{"rendered":"Canc\u00fan sigue en los primeros lugares nacionales de violencia contra la mujer: CIAM"},"content":{"rendered":"<h4>En lo que va de 2022, el estado ha contabilizado 36 mil 582 casos en el estado<\/h4>\n<p><a href=\"https:\/\/whatsappmexico.com\/?p=10928\">Canc\u00fan<\/a>: Las cifras de violencia contra la mujer son alarmantes y <a href=\"https:\/\/www.caribemexicano.travel\/cancun\/\">Canc\u00fan<\/a> se ha posicionado como uno de los destinos en donde m\u00e1s casos existen.<\/p>\n<p>Ya que\u00a0de all\u00ed la importancia de llevar pl\u00e1ticas de sensibilizaci\u00f3n y concientizaci\u00f3n a j\u00f3venes, apunt\u00f3 Norma Ang\u00e9lica Gonz\u00e1lez Mart\u00ednez, terapeuta del CIAM Canc\u00fan.<\/p>\n<p>\u201cQuintana Roo es la entidad con m\u00e1s casos de violencia contra la mujer en todo el pa\u00eds en lo que va de 2022\u201d.<\/p>\n<p>As\u00ed como\u00a0de enero a septiembre se contabilizaron 36 mil 582 casos de mujeres v\u00edctimas de violencia.<\/p>\n<p>\u201cYa que es una cifra r\u00e9cord a nivel estatal y seis de cada 10 de estos casos han ocurrido en Canc\u00fan\u201d.<\/p>\n<p>Al igual que\u00a0present\u00f3 durante la ponencia \u201cViolencia de g\u00e9nero y diversidad sexual\u201d en la Universidad del Caribe.<\/p>\n<p>La violencia sicol\u00f3gica, f\u00edsica y sexual son las m\u00e1s comunes en estas alarmantes cifras.<\/p>\n<p>&nbsp;<\/p>\n<h4>Ya que est\u00e1 destacando que las mujeres entre 10 y 49 a\u00f1os son las m\u00e1s violentadas, pero con mayor atenci\u00f3n entre los 20- 39 a\u00f1os.<\/h4>\n<p>Y lo m\u00e1s desafortunado, estableci\u00f3 la ponente, es que el 96%\u00a0de estos casos fueron actos ocurridos en casa, por sus parejas o familiares.<\/p>\n<p>Los cuales est\u00e1n incluyendo los padres biol\u00f3gicos, datos confirmados por el Banco Estatal de Datos de Informaci\u00f3n de Casos de Violencia contra las Mujeres.<\/p>\n<p>\u201cLa violencia tiene como resultado un da\u00f1o sicol\u00f3gico, pero tambi\u00e9n lesiones f\u00edsicas y el feminicidio es el m\u00e1ximo grado de violencia\u201d.<\/p>\n<p>\u201cYa que\u00a0lo que debemos evitar\u2026 por eso estos espacios son muy importantes, porque son espacios formativos\u201d, comparti\u00f3.<\/p>\n<p>La realidad y desafortunadamente, indic\u00f3, es que en el Sureste la cultura todav\u00eda est\u00e1 m\u00e1s cargada de machismo.<\/p>\n<p>Ya lo que facilita que los actos de violencia se den en mayor medida.<\/p>\n<p>Por ello el tema no es ajeno a nadie y especialmente a los universitarios, tanto hombres como mujeres, que tienen mucho por hacer para prevenir.<\/p>\n<p>As\u00ed como\u00a0para dejar de ejercer violencia y reducir las cifras de los feminicidios en los que a nivel nacional se habla de 81 casos por mes.<\/p>\n<p>&nbsp;<\/p>\n<h4>Adem\u00e1s de los\u00a010 casos de feminicidio en Quintana Roo, pr\u00e1cticamente uno por mes.<\/h4>\n<p>\u201cEs cierto que hay m\u00e1s muertes de hombres, pero sus muertes no est\u00e1n relacionadas por el hecho de ser hombres, esa es la diferencia\u201d.<\/p>\n<p>Al igual que\u00a0a las mujeres las violan, las mutilan, esto tiene que ver con el g\u00e9nero, con esta misoginia, el machismo.<\/p>\n<p>As\u00ed como de estructuras patriarcales que se han venido preservando\u201d, imput\u00f3.<\/p>\n<p>Estas condiciones fueron la base para que desde el 2010 la Asamblea General de las Naciones Unidas designara cada 25 de noviembre.<\/p>\n<p>Esto\u00a0como el D\u00eda para la Erradicaci\u00f3n de la Violencia contra la Mujer, d\u00eda para actuar, generar conciencia y prevenir la violencia contra las f\u00e9minas.<\/p>\n<p>\u201cNo se trata solamente de vestirse de naranja, sino recordar y visibilizar que esta violencia no ha parado y algo tenemos que hacer\u201d, exhort\u00f3.<\/p>\n","protected":false},"excerpt":{"rendered":"<p>En lo que va de 2022, el estado ha contabilizado 36 mil 582 casos en el estado Canc\u00fan: Las cifras de violencia contra la mujer son alarmantes y Canc\u00fan se ha posicionado como uno de los destinos en donde m\u00e1s casos existen. Ya que\u00a0de all\u00ed la importancia de llevar pl\u00e1ticas de sensibilizaci\u00f3n y concientizaci\u00f3n a [&hellip;]<\/p>\n","protected":false},"author":1,"featured_media":10757,"comment_status":"open","ping_status":"closed","sticky":false,"template":"","format":"standard","meta":{"footnotes":""},"categories":[9],"tags":[],"class_list":["post-10755","post","type-post","status-publish","format-standard","has-post-thumbnail","hentry","category-politica"],"_links":{"self":[{"href":"https:\/\/podernacional.com\/index.php?rest_route=\/wp\/v2\/posts\/10755","targetHints":{"allow":["GET"]}}],"collection":[{"href":"https:\/\/podernacional.com\/index.php?rest_route=\/wp\/v2\/posts"}],"about":[{"href":"https:\/\/podernacional.com\/index.php?rest_route=\/wp\/v2\/types\/post"}],"author":[{"embeddable":true,"href":"https:\/\/podernacional.com\/index.php?rest_route=\/wp\/v2\/users\/1"}],"replies":[{"embeddable":true,"href":"https:\/\/podernacional.com\/index.php?rest_route=%2Fwp%2Fv2%2Fcomments&post=10755"}],"version-history":[{"count":1,"href":"https:\/\/podernacional.com\/index.php?rest_route=\/wp\/v2\/posts\/10755\/revisions"}],"predecessor-version":[{"id":10756,"href":"https:\/\/podernacional.com\/index.php?rest_route=\/wp\/v2\/posts\/10755\/revisions\/10756"}],"wp:featuredmedia":[{"embeddable":true,"href":"https:\/\/podernacional.com\/index.php?rest_route=\/wp\/v2\/media\/10757"}],"wp:attachment":[{"href":"https:\/\/podernacional.com\/index.php?rest_route=%2Fwp%2Fv2%2Fmedia&parent=10755"}],"wp:term":[{"taxonomy":"category","embeddable":true,"href":"https:\/\/podernacional.com\/index.php?rest_route=%2Fwp%2Fv2%2Fcategories&post=10755"},{"taxonomy":"post_tag","embeddable":true,"href":"https:\/\/podernacional.com\/index.php?rest_route=%2Fwp%2Fv2%2Ftags&post=10755"}],"curies":[{"name":"wp","href":"https:\/\/api.w.org\/{rel}","templated":true}]}}