{"id":10773,"date":"2022-12-02T19:15:35","date_gmt":"2022-12-03T00:15:35","guid":{"rendered":"https:\/\/podernacional.com\/?p=10773"},"modified":"2022-12-03T00:15:38","modified_gmt":"2022-12-03T00:15:38","slug":"quintana-roo-unico-destino-de-mexico-presente-en-feria-de-turismo-de-reuniones-en-espana","status":"publish","type":"post","link":"https:\/\/podernacional.com\/?p=10773","title":{"rendered":"Quintana Roo, \u00fanico destino de M\u00e9xico presente en feria de turismo de reuniones en Espa\u00f1a"},"content":{"rendered":"<h4>Durante el IBTM World donde se tuvo una agenda de trabajo con organizadores de eventos y viajes de incentivo de:<\/h4>\n<p>\u00danico destino de M\u00e9xico: \u00c1frica, Espa\u00f1a, Grecia, Italia, Lituania, Portugal, Suiza, entre otros<\/p>\n<p>Canc\u00fan.- Para fortalecer al segmento de Turismo de Reuniones del estado, Quintana Roo particip\u00f3 en el evento global l\u00edder de la Industria de:<\/p>\n<p>Reuniones, incentivos, congresos, convenciones y eventos IBTM World (Incentives, Business Travel &amp; Meetings).<\/p>\n<p>El cual se realiz\u00f3 del 29 de noviembre al 1 de diciembre en Barcelona, Espa\u00f1a.<\/p>\n<p>\u201cNuestra partici\u00f3n en esta feria es muy importante, no s\u00f3lo porque mantenemos la presencia de Quintana Roo en eventos internacionales\u201d.<\/p>\n<p>\u201cSino porque buscamos que lleguen a nuestros destinos m\u00e1s eventos con miles de visitantes, adem\u00e1s de viajes de incentivo\u201d.<\/p>\n<p>\u201cAl igual que de esta manera generar derrama econ\u00f3mica y llevar prosperidad a todos los quintanarroenses\u201d.<\/p>\n<p>&nbsp;<\/p>\n<h4>Adem\u00e1s que coment\u00f3 el director general del Consejo de Promoci\u00f3n Tur\u00edstica de Quintana Roo, Javier Aranda Pedrero.<\/h4>\n<p>Explic\u00f3 que, Quintana Roo cuenta con 3 aeropuertos internacionales, en:<\/p>\n<p>Chetumal, Cozumel y Canc\u00fan, este \u00faltimo con vuelos directos desde 116 ciudades de todo el mundo como:<\/p>\n<p>Estambul, Lisboa, Roma, Londres, Par\u00eds, Frankfurt, Bogot\u00e1, Buenos Aires, Montreal, Toronto, Nueva York, Chicago, Los \u00c1ngeles.<\/p>\n<p>As\u00ed como Ciudad de M\u00e9xico, Tijuana, Monterrey y Guadalajara, por mencionar algunas, lo que hace, entre otros factores.<\/p>\n<p>As\u00ed como la infraestructura hotelera, con m\u00e1s de 124 mil cuartos de hotel en todo el estado.<\/p>\n<p>Adem\u00e1s de que Quintana Roo sea ideal para el Turismo de Reuniones.<\/p>\n<p>Destac\u00f3 que, en un congreso, por ejemplo, se requiere de varios sectores donde entran:<\/p>\n<p>Proveedores, actividades como el golf, restaurantes, la hoteler\u00eda, conectividad a\u00e9rea, y toda la cadena de valor que al turismo se refiere.<\/p>\n<p>Adem\u00e1s lo que genera una importante derrama econ\u00f3mica.<\/p>\n<p>&nbsp;<\/p>\n<h4>La feria de Turismo de Reuniones m\u00e1s importante del mundo, IBTM World reuni\u00f3 a m\u00e1s de 10 mil asistentes, entre expositores.<\/h4>\n<p>As\u00ed como destinos, cadenas hoteleras, organizadores de eventos y otros proveedores de la industria de m\u00e1s de 150 pa\u00edses como:<\/p>\n<p>Brasil, Croacia, Malasia, Nueva Zelanda, Jap\u00f3n, que mantuvieron m\u00e1s de 100 mil reuniones preestablecidas.<\/p>\n<p>Durante estos d\u00edas, se promocionaron los recintos y destinos tur\u00edsticos de Quintana Roo en las citas de trabajo con organizadores de eventos.<\/p>\n<p>As\u00ed como de viajes de incentivo de pa\u00edses como: \u00c1frica, Espa\u00f1a, Grecia, Italia, Lituania, Portugal, Suiza, entre otros.<\/p>\n<p>Adem\u00e1s de quienes se les comparti\u00f3 la oferta tur\u00edstica del estado en materia entretenimiento, gastronom\u00eda.<\/p>\n<p>Al igual que de infraestructura para este segmento que ha tenido una importante recuperaci\u00f3n en los \u00faltimos meses.<\/p>\n<p>La cual una prueba de ello son los pr\u00f3ximos eventos a realizarse en Quintana Roo, como WEC 2023.<\/p>\n<p>El evento educativo m\u00e1s importante de la Industria de Reuniones, organizado por la Asociaci\u00f3n MPI (Meeting Professionals International).<\/p>\n<p>Adem\u00e1s de que ha celebrarse en junio del pr\u00f3ximo a\u00f1o y donde se esperan m\u00e1s de 2800 participantes.<\/p>\n<p>Quintana Roo, \u00fanico destino de M\u00e9xico presente en feria de turismo<\/p>\n","protected":false},"excerpt":{"rendered":"<p>Durante el IBTM World donde se tuvo una agenda de trabajo con organizadores de eventos y viajes de incentivo de: \u00danico destino de M\u00e9xico: \u00c1frica, Espa\u00f1a, Grecia, Italia, Lituania, Portugal, Suiza, entre otros Canc\u00fan.- Para fortalecer al segmento de Turismo de Reuniones del estado, Quintana Roo particip\u00f3 en el evento global l\u00edder de la Industria [&hellip;]<\/p>\n","protected":false},"author":1,"featured_media":10775,"comment_status":"open","ping_status":"closed","sticky":false,"template":"","format":"standard","meta":{"footnotes":""},"categories":[10],"tags":[],"class_list":["post-10773","post","type-post","status-publish","format-standard","has-post-thumbnail","hentry","category-quintana-roo"],"_links":{"self":[{"href":"https:\/\/podernacional.com\/index.php?rest_route=\/wp\/v2\/posts\/10773","targetHints":{"allow":["GET"]}}],"collection":[{"href":"https:\/\/podernacional.com\/index.php?rest_route=\/wp\/v2\/posts"}],"about":[{"href":"https:\/\/podernacional.com\/index.php?rest_route=\/wp\/v2\/types\/post"}],"author":[{"embeddable":true,"href":"https:\/\/podernacional.com\/index.php?rest_route=\/wp\/v2\/users\/1"}],"replies":[{"embeddable":true,"href":"https:\/\/podernacional.com\/index.php?rest_route=%2Fwp%2Fv2%2Fcomments&post=10773"}],"version-history":[{"count":1,"href":"https:\/\/podernacional.com\/index.php?rest_route=\/wp\/v2\/posts\/10773\/revisions"}],"predecessor-version":[{"id":10774,"href":"https:\/\/podernacional.com\/index.php?rest_route=\/wp\/v2\/posts\/10773\/revisions\/10774"}],"wp:featuredmedia":[{"embeddable":true,"href":"https:\/\/podernacional.com\/index.php?rest_route=\/wp\/v2\/media\/10775"}],"wp:attachment":[{"href":"https:\/\/podernacional.com\/index.php?rest_route=%2Fwp%2Fv2%2Fmedia&parent=10773"}],"wp:term":[{"taxonomy":"category","embeddable":true,"href":"https:\/\/podernacional.com\/index.php?rest_route=%2Fwp%2Fv2%2Fcategories&post=10773"},{"taxonomy":"post_tag","embeddable":true,"href":"https:\/\/podernacional.com\/index.php?rest_route=%2Fwp%2Fv2%2Ftags&post=10773"}],"curies":[{"name":"wp","href":"https:\/\/api.w.org\/{rel}","templated":true}]}}