{"id":10776,"date":"2022-12-03T10:47:00","date_gmt":"2022-12-03T15:47:00","guid":{"rendered":"https:\/\/podernacional.com\/?p=10776"},"modified":"2022-12-03T15:47:02","modified_gmt":"2022-12-03T15:47:02","slug":"el-festival-de-aficionados-supera-el-millon-de-visitantes","status":"publish","type":"post","link":"https:\/\/podernacional.com\/?p=10776","title":{"rendered":"El festival de aficionados supera el mill\u00f3n de visitantes"},"content":{"rendered":"<h4>El festival de aficionados del Mundial de Qatar 2022 ha superado el mill\u00f3n de visitantes desde que abri\u00f3 sus puertas el pasado 19 de noviembre.<\/h4>\n<p>El festival de aficionados: Adem\u00e1s de un d\u00eda antes del inicio del torneo, inform\u00f3 la FIFA.<\/p>\n<p>Haytham Mokhtar, aficionado al f\u00fatbol, fue el visitante n\u00famero un mill\u00f3n.<\/p>\n<p>Adem\u00e1s de que se encontr\u00f3 con la sorpresa que recibi\u00f3 como regalo dos entradas para la final del pr\u00f3ximo 18 de diciembre.<\/p>\n<p>Esto\u00a0en el estadio Lusail y un bal\u00f3n firmado por leyendas.<\/p>\n<p>\u00abTodav\u00eda no puedo creer que tenga tanta suerte de ser el invitado n\u00famero un mill\u00f3n\u201d.<\/p>\n<p>\u201cSara y yo ven\u00edamos a pasar un buen rato y poco despu\u00e9s estaba en el escenario principal, delante de miles de personas\u201d.<\/p>\n<p>\u201cAs\u00ed como\u00a0con un bal\u00f3n firmado por Caf\u00fa y Ronald de Boer, y con entradas para la final. Es incre\u00edble\u00bb, dijo Haytham.<\/p>\n<p>&nbsp;<\/p>\n<h4>Haytham y su mejor amiga, Sara, originaria de Egipto, viven en Catar.<\/h4>\n<p>Al igual que aunque se siente triste por el hecho de que su pa\u00eds no haya llegado m\u00e1s lejos.<\/p>\n<p>Adem\u00e1s que\u00a0desea ver un partido en la lucha por el t\u00edtulo.<\/p>\n<p>\u00abAparte de mi equipo, Egipto, tambi\u00e9n animo a Brasil\u201d.<\/p>\n<p>\u201cPero, esta vez, deseo una final Argentina-Portugal para que las dos grandes leyendas, Messi y Cristiano Ronaldo\u201d.<\/p>\n<p>\u201cAl igual de que\u00a0se enfrenten en una final de la Copa Mundial\u00bb, coment\u00f3.<\/p>\n<p>&nbsp;<\/p>\n<h4>Aficionados de todas las naciones est\u00e1n acudiendo al parque Al Bidda, situado a poca distancia del paseo mar\u00edtimo de Doha.<\/h4>\n<p>As\u00ed como\u00a0para celebrar su pasi\u00f3n por f\u00fatbol. Hasta el momento al recinto, de 145.000 metros cuadrados y 40.000 plazas.<\/p>\n<p>As\u00ed como\u00a0ha recibido una media de 70.000 visitantes al d\u00eda.<\/p>\n<p>El festival de aficionados proyecta todos los partidos del torneo y ofrece entretenimiento gratuito con algunos de los nombres m\u00e1s reconocidos de la m\u00fasica mundial.<\/p>\n<p>Por primera vez cuenta con un himno oficial, Tukoh Taka, de Nicki Minaj, Maluma y Myriam Fares.<\/p>\n<p>La semana de su lanzamiento, el disco debut\u00f3 como canci\u00f3n n\u00famero 1 de iTunes en Estados Unidos.<\/p>\n<p>As\u00ed como n\u00famero 1 en la lista de YouTube de los mejores v\u00eddeos musicales del mundo.<\/p>\n","protected":false},"excerpt":{"rendered":"<p>El festival de aficionados del Mundial de Qatar 2022 ha superado el mill\u00f3n de visitantes desde que abri\u00f3 sus puertas el pasado 19 de noviembre. El festival de aficionados: Adem\u00e1s de un d\u00eda antes del inicio del torneo, inform\u00f3 la FIFA. Haytham Mokhtar, aficionado al f\u00fatbol, fue el visitante n\u00famero un mill\u00f3n. Adem\u00e1s de que [&hellip;]<\/p>\n","protected":false},"author":1,"featured_media":10778,"comment_status":"open","ping_status":"closed","sticky":false,"template":"","format":"standard","meta":{"footnotes":""},"categories":[2],"tags":[],"class_list":["post-10776","post","type-post","status-publish","format-standard","has-post-thumbnail","hentry","category-cultural"],"_links":{"self":[{"href":"https:\/\/podernacional.com\/index.php?rest_route=\/wp\/v2\/posts\/10776","targetHints":{"allow":["GET"]}}],"collection":[{"href":"https:\/\/podernacional.com\/index.php?rest_route=\/wp\/v2\/posts"}],"about":[{"href":"https:\/\/podernacional.com\/index.php?rest_route=\/wp\/v2\/types\/post"}],"author":[{"embeddable":true,"href":"https:\/\/podernacional.com\/index.php?rest_route=\/wp\/v2\/users\/1"}],"replies":[{"embeddable":true,"href":"https:\/\/podernacional.com\/index.php?rest_route=%2Fwp%2Fv2%2Fcomments&post=10776"}],"version-history":[{"count":1,"href":"https:\/\/podernacional.com\/index.php?rest_route=\/wp\/v2\/posts\/10776\/revisions"}],"predecessor-version":[{"id":10777,"href":"https:\/\/podernacional.com\/index.php?rest_route=\/wp\/v2\/posts\/10776\/revisions\/10777"}],"wp:featuredmedia":[{"embeddable":true,"href":"https:\/\/podernacional.com\/index.php?rest_route=\/wp\/v2\/media\/10778"}],"wp:attachment":[{"href":"https:\/\/podernacional.com\/index.php?rest_route=%2Fwp%2Fv2%2Fmedia&parent=10776"}],"wp:term":[{"taxonomy":"category","embeddable":true,"href":"https:\/\/podernacional.com\/index.php?rest_route=%2Fwp%2Fv2%2Fcategories&post=10776"},{"taxonomy":"post_tag","embeddable":true,"href":"https:\/\/podernacional.com\/index.php?rest_route=%2Fwp%2Fv2%2Ftags&post=10776"}],"curies":[{"name":"wp","href":"https:\/\/api.w.org\/{rel}","templated":true}]}}