{"id":10806,"date":"2022-12-05T20:10:02","date_gmt":"2022-12-06T01:10:02","guid":{"rendered":"https:\/\/podernacional.com\/?p=10806"},"modified":"2022-12-06T01:10:04","modified_gmt":"2022-12-06T01:10:04","slug":"circulan-subvariantes-del-covid-19-en-quintana-roo","status":"publish","type":"post","link":"https:\/\/podernacional.com\/?p=10806","title":{"rendered":"Circulan subvariantes del Covid-19 en Quintana Roo"},"content":{"rendered":"<h4>En la entidad hay diversas subvariantes del SARS-CoV-2, por ello la Secretar\u00eda de Salud pidi\u00f3 a la poblaci\u00f3n cuidarse.<\/h4>\n<p>Subvariantes del Covid-19: En la entidad hay diversas subvariantes del SARS-CoV-2, por ello la Secretar\u00eda de Salud pidi\u00f3 a la poblaci\u00f3n mantener las medidas de prevenci\u00f3n.<\/p>\n<p>As\u00ed como\u00a0en caso de no tener alguna vacuna contra Covid-19 acudir a los m\u00f3dulos disponibles para aplic\u00e1rsela.<\/p>\n<p>Mois\u00e9s Alejandro Toledo Pensamiento, subsecretario de Salud para la zona sur de Quintana Roo-<\/p>\n<p>El cual\u00a0detall\u00f3 que el Consorcio Mexicano de Vigilancia Gen\u00f3mica les confirm\u00f3 la circulaci\u00f3n de diferentes subvariantes en la entidad.<\/p>\n<p>Entre ellas se encuentra la BA.2.75 o conocida como Centauro o Centaurus.<\/p>\n<p>Adem\u00e1s de estar\u00a0detectada por primera ocasi\u00f3n en la India en mayo de este a\u00f1o, BA.5 cuyo periodo de identificaci\u00f3n fue en Sud\u00e1frica.<\/p>\n<p>Esto en enero del a\u00f1o en curso y est\u00e1 asociada a la quinta ola de alta incidencia.<\/p>\n<h4>As\u00ed como la BQ.1 denominada Perro del Infierno y la BW.1 ubicada como Xibalb\u00e1.<\/h4>\n<p>El cual\u00a0cuyo origen se encuentra en investigaci\u00f3n, pero se le relaciona con el incremento en la incidencia de casos en la Pen\u00ednsula de Yucat\u00e1n.<\/p>\n<p>\u201cSon las que est\u00e1n predominando, son las que el Consorcio Mexicano de Vigilancia Gen\u00f3mica ha reportado para Quintana Roo\u201d.<\/p>\n<p>\u201cEsto\u00a0sin duda el hecho de que arriba del 95 por ciento de la poblaci\u00f3n tenga la primera dosis de vacuna\u201d.<\/p>\n<p>\u201cAs\u00ed como del 80 por ciento aproximadamente tenga aproximadamente la segunda dosis de vacuna (ayuda a cuidar a la poblaci\u00f3n)\u201d.<\/p>\n<p>Expres\u00f3 que es necesario que la gente prevenga y acuda a recibir esta protecci\u00f3n para evitar que haya afectaciones en la salud.<\/p>\n<p>El cual est\u00e1\u00a0aunado a que consider\u00f3 que es importante mantener la sana distancia y el uso de cubrebocas en lugares concurridos ante estas subvariantes.<\/p>\n<p>Toledo Pensamiento insisti\u00f3 que el hecho de que la mayor\u00eda de la poblaci\u00f3n ya tenga al menos una dosis contra Covid-19.<\/p>\n<h4>As\u00ed como que\u00a0ha ayudado a evitar que se incremente la ocupaci\u00f3n hospitalaria en la entidad.<\/h4>\n<p>Incluso, abund\u00f3 que hasta el 9 del mes en curso estar\u00e1 la jornada de vacunaci\u00f3n en el hospital del Instituto Mexicano del Seguro Social (IMSS).<\/p>\n<p>Esto\u00a0de la 510 en Canc\u00fan, tanto para ni\u00f1os de 5 a 11 a\u00f1os, personas de 18 a\u00f1os en adelante.<\/p>\n<p>As\u00ed como\u00a0del segundo refuerzo para adultos de 60 a\u00f1os y m\u00e1s.<\/p>\n<p>\u201cEn este momento por el n\u00famero de casos que se han presentado\u201d.<\/p>\n<p>\u201cAdem\u00e1s que\u00a0por el alto porcentaje de pacientes que est\u00e1n vacunados no considera la Secretar\u00eda que se tenga que emitir una alerta como tal\u201d.<\/p>\n<p>\u201cEl cual est\u00e1\u00a0recordando que nunca ha sido obligatorio el uso del cubrebocas, ha sido una sugerencia\u201d.<\/p>\n<p>Circulan subvariantes del Covid-19 en Quintana Roo<\/p>\n","protected":false},"excerpt":{"rendered":"<p>En la entidad hay diversas subvariantes del SARS-CoV-2, por ello la Secretar\u00eda de Salud pidi\u00f3 a la poblaci\u00f3n cuidarse. Subvariantes del Covid-19: En la entidad hay diversas subvariantes del SARS-CoV-2, por ello la Secretar\u00eda de Salud pidi\u00f3 a la poblaci\u00f3n mantener las medidas de prevenci\u00f3n. As\u00ed como\u00a0en caso de no tener alguna vacuna contra Covid-19 [&hellip;]<\/p>\n","protected":false},"author":1,"featured_media":10808,"comment_status":"open","ping_status":"closed","sticky":false,"template":"","format":"standard","meta":{"footnotes":""},"categories":[11],"tags":[],"class_list":["post-10806","post","type-post","status-publish","format-standard","has-post-thumbnail","hentry","category-salud"],"_links":{"self":[{"href":"https:\/\/podernacional.com\/index.php?rest_route=\/wp\/v2\/posts\/10806","targetHints":{"allow":["GET"]}}],"collection":[{"href":"https:\/\/podernacional.com\/index.php?rest_route=\/wp\/v2\/posts"}],"about":[{"href":"https:\/\/podernacional.com\/index.php?rest_route=\/wp\/v2\/types\/post"}],"author":[{"embeddable":true,"href":"https:\/\/podernacional.com\/index.php?rest_route=\/wp\/v2\/users\/1"}],"replies":[{"embeddable":true,"href":"https:\/\/podernacional.com\/index.php?rest_route=%2Fwp%2Fv2%2Fcomments&post=10806"}],"version-history":[{"count":1,"href":"https:\/\/podernacional.com\/index.php?rest_route=\/wp\/v2\/posts\/10806\/revisions"}],"predecessor-version":[{"id":10807,"href":"https:\/\/podernacional.com\/index.php?rest_route=\/wp\/v2\/posts\/10806\/revisions\/10807"}],"wp:featuredmedia":[{"embeddable":true,"href":"https:\/\/podernacional.com\/index.php?rest_route=\/wp\/v2\/media\/10808"}],"wp:attachment":[{"href":"https:\/\/podernacional.com\/index.php?rest_route=%2Fwp%2Fv2%2Fmedia&parent=10806"}],"wp:term":[{"taxonomy":"category","embeddable":true,"href":"https:\/\/podernacional.com\/index.php?rest_route=%2Fwp%2Fv2%2Fcategories&post=10806"},{"taxonomy":"post_tag","embeddable":true,"href":"https:\/\/podernacional.com\/index.php?rest_route=%2Fwp%2Fv2%2Ftags&post=10806"}],"curies":[{"name":"wp","href":"https:\/\/api.w.org\/{rel}","templated":true}]}}