{"id":10809,"date":"2022-12-05T20:13:25","date_gmt":"2022-12-06T01:13:25","guid":{"rendered":"https:\/\/podernacional.com\/?p=10809"},"modified":"2022-12-06T01:13:27","modified_gmt":"2022-12-06T01:13:27","slug":"hoteles-de-cancun-siguen-sin-completar-plantilla-laboral","status":"publish","type":"post","link":"https:\/\/podernacional.com\/?p=10809","title":{"rendered":"Hoteles de Canc\u00fan siguen sin completar plantilla laboral"},"content":{"rendered":"<h4>Ante la falta de trabajadores, el sector hotelero llev\u00f3 a cabo la quinta feria de empleo, la \u00faltima del a<\/h4>\n<p>Plantilla laboral: De hasta 15% sigue siendo el d\u00e9ficit de trabajadores en hoteler\u00eda.<\/p>\n<p>De cinco hasta 15% sigue siendo el d\u00e9ficit de trabajadores en la hoteler\u00eda, lo que llev\u00f3 al sector a realizar la quinta feria del empleo.<\/p>\n<p>El cual est\u00e1\u00a0ofertando 450 empleos dentro de los centros de hospedaje, siendo la \u00faltima del a\u00f1o que estar\u00e1n realizando.<\/p>\n<p>Eduardo Dom\u00ednguez Ibarra, vicepresidente ejecutivo de la Asociaci\u00f3n de Hoteles de Canc\u00fan, Puerto Morelos e Isla Mujeres.<\/p>\n<p>Con esto\u00a0mencion\u00f3 que son principalmente \u00e1reas de operaci\u00f3n, supervisi\u00f3n y gerenciales las que est\u00e1n solicitando.<\/p>\n<p>Para as\u00ed tambi\u00e9n cubrir la demanda que se espera en las pr\u00f3ximas semanas.<\/p>\n<p>\u201cLa importancia de realizar este tipo de ferias es que el buscador puede postularse en un solo lugar a diferentes vacantes\u201d.<\/p>\n<p>\u201cLo cual abre m\u00e1s las posibilidades de que pueda ser contratado, adem\u00e1s de que se tiene un primer contacto\u201d, explic\u00f3.<\/p>\n<p>&nbsp;<\/p>\n<h4>El sector busca personal para las \u00e1reas de cocina, bares, recepci\u00f3n, seguridad, camaristas, recepci\u00f3n, mantenimiento.<\/h4>\n<p>Adem\u00e1s que\u00a0incluso puestos administrativos, adem\u00e1s de que recientemente tambi\u00e9n se est\u00e1 buscando personal para Spa e incluso.<\/p>\n<p>As\u00ed como que\u00a0hay espacios abiertos para personal de hasta 65 a\u00f1os.<\/p>\n<p>Hoteleros prev\u00e9n alza de turistas, pero no tienen personal<\/p>\n<p>El promedio de la ocupaci\u00f3n hotelera es de 80%.<\/p>\n<p>Sin embargo, ya se estima un alza en la llegada de turistas, para lo que se requiere de m\u00e1s personal.<\/p>\n<p>Por est\u00e1 raz\u00f3n por la que se est\u00e1n organizando cada dos meses estas ferias.<\/p>\n<p>Por ahora, los centros de hospedaje se encuentran trabajando con el personal para poder cubrir las necesidades.<\/p>\n<p>Adem\u00e1s que\u00a0sobre todo en los horarios con m\u00e1s demanda, que son los de comida y las llegadas y salidas de los hu\u00e9spedes.<\/p>\n<p>El cual est\u00e1\u00a0tratando de salir adelante con la demanda.<\/p>\n<p>Hoteles de Canc\u00fan siguen sin completar plantilla laboral; De hasta 15% sigue siendo el d\u00e9ficit de trabajadores en hoteler\u00eda.<\/p>\n","protected":false},"excerpt":{"rendered":"<p>Ante la falta de trabajadores, el sector hotelero llev\u00f3 a cabo la quinta feria de empleo, la \u00faltima del a Plantilla laboral: De hasta 15% sigue siendo el d\u00e9ficit de trabajadores en hoteler\u00eda. De cinco hasta 15% sigue siendo el d\u00e9ficit de trabajadores en la hoteler\u00eda, lo que llev\u00f3 al sector a realizar la quinta [&hellip;]<\/p>\n","protected":false},"author":1,"featured_media":10811,"comment_status":"open","ping_status":"closed","sticky":false,"template":"","format":"standard","meta":{"footnotes":""},"categories":[6],"tags":[],"class_list":["post-10809","post","type-post","status-publish","format-standard","has-post-thumbnail","hentry","category-local"],"_links":{"self":[{"href":"https:\/\/podernacional.com\/index.php?rest_route=\/wp\/v2\/posts\/10809","targetHints":{"allow":["GET"]}}],"collection":[{"href":"https:\/\/podernacional.com\/index.php?rest_route=\/wp\/v2\/posts"}],"about":[{"href":"https:\/\/podernacional.com\/index.php?rest_route=\/wp\/v2\/types\/post"}],"author":[{"embeddable":true,"href":"https:\/\/podernacional.com\/index.php?rest_route=\/wp\/v2\/users\/1"}],"replies":[{"embeddable":true,"href":"https:\/\/podernacional.com\/index.php?rest_route=%2Fwp%2Fv2%2Fcomments&post=10809"}],"version-history":[{"count":1,"href":"https:\/\/podernacional.com\/index.php?rest_route=\/wp\/v2\/posts\/10809\/revisions"}],"predecessor-version":[{"id":10810,"href":"https:\/\/podernacional.com\/index.php?rest_route=\/wp\/v2\/posts\/10809\/revisions\/10810"}],"wp:featuredmedia":[{"embeddable":true,"href":"https:\/\/podernacional.com\/index.php?rest_route=\/wp\/v2\/media\/10811"}],"wp:attachment":[{"href":"https:\/\/podernacional.com\/index.php?rest_route=%2Fwp%2Fv2%2Fmedia&parent=10809"}],"wp:term":[{"taxonomy":"category","embeddable":true,"href":"https:\/\/podernacional.com\/index.php?rest_route=%2Fwp%2Fv2%2Fcategories&post=10809"},{"taxonomy":"post_tag","embeddable":true,"href":"https:\/\/podernacional.com\/index.php?rest_route=%2Fwp%2Fv2%2Ftags&post=10809"}],"curies":[{"name":"wp","href":"https:\/\/api.w.org\/{rel}","templated":true}]}}