{"id":10812,"date":"2022-12-07T18:26:46","date_gmt":"2022-12-07T23:26:46","guid":{"rendered":"https:\/\/podernacional.com\/?p=10812"},"modified":"2022-12-07T23:26:48","modified_gmt":"2022-12-07T23:26:48","slug":"festival-de-teatro-por-la-democracia-en-rio-ceballos-cordoba","status":"publish","type":"post","link":"https:\/\/podernacional.com\/?p=10812","title":{"rendered":"Festival de Teatro por la Democracia en R\u00edo Ceballos, C\u00f3rdoba"},"content":{"rendered":"<h4>Como parte de un nuevo aniversario del retorno de la democracia.<\/h4>\n<p>Festival de Teatro: Por ende, el Instituto Nacional del Teatro llevar\u00e1 a cabo una nueva edici\u00f3n del ciclo federal \u201cTeatro por la Democracia\u201d.<\/p>\n<p>El encuentro se realizar\u00e1 el s\u00e1bado 10 de diciembre, desde las 20 h, en el Anfiteatro Ricardo Rojas de la ciudad de R\u00edo Ceballos.<\/p>\n<p>El Instituto Nacional del Teatro, organismo dependiente del Ministerio de Cultura.<\/p>\n<p>Esto\u00a0a trav\u00e9s de su representaci\u00f3n provincial de C\u00f3rdoba y junto a la Municipalidad de R\u00edo Ceballos organizan el Festival de \u201cTeatro por la Democracia\u201d.<\/p>\n<p>El encuentro ser\u00e1 el s\u00e1bado 10 de diciembre desde las 20 h en el Anfiteatro Ricardo Rojas de la ciudad de R\u00edo Ceballos.<\/p>\n<p>As\u00ed como, en conmemoraci\u00f3n de un nuevo aniversario del retorno de la democracia en nuestro pa\u00eds.<\/p>\n<p>En esta edici\u00f3n, habr\u00e1 espect\u00e1culos para todo p\u00fablico, con entrada libre y gratuita.<\/p>\n<p>La programaci\u00f3n incluye \u201cFlap!\u201d de Antuco Aldape, \u201cSomos Nosotres\u201d de Catapulta Circo Teatro, \u201cReCuerdo\u201d de Gabriel Marasini.<\/p>\n<p>Adem\u00e1s de \u201cDe Aqu\u00ed Nom\u00e1\u201d del grupo De Comadres, y \u201cTraviarca \u00edntimas. Recital de canciones y poes\u00edas\u201d.<\/p>\n<p>El cual est\u00e1\u00a0encabezado por Susy Shock junto a Caro Bonillo y Andrea Baz\u00e1n.<\/p>\n<p>Festival de Teatro por la Democracia en R\u00edo Ceballos, C\u00f3rdoba<\/p>\n","protected":false},"excerpt":{"rendered":"<p>Como parte de un nuevo aniversario del retorno de la democracia. Festival de Teatro: Por ende, el Instituto Nacional del Teatro llevar\u00e1 a cabo una nueva edici\u00f3n del ciclo federal \u201cTeatro por la Democracia\u201d. El encuentro se realizar\u00e1 el s\u00e1bado 10 de diciembre, desde las 20 h, en el Anfiteatro Ricardo Rojas de la ciudad [&hellip;]<\/p>\n","protected":false},"author":1,"featured_media":10814,"comment_status":"open","ping_status":"closed","sticky":false,"template":"","format":"standard","meta":{"footnotes":""},"categories":[2],"tags":[],"class_list":["post-10812","post","type-post","status-publish","format-standard","has-post-thumbnail","hentry","category-cultural"],"_links":{"self":[{"href":"https:\/\/podernacional.com\/index.php?rest_route=\/wp\/v2\/posts\/10812","targetHints":{"allow":["GET"]}}],"collection":[{"href":"https:\/\/podernacional.com\/index.php?rest_route=\/wp\/v2\/posts"}],"about":[{"href":"https:\/\/podernacional.com\/index.php?rest_route=\/wp\/v2\/types\/post"}],"author":[{"embeddable":true,"href":"https:\/\/podernacional.com\/index.php?rest_route=\/wp\/v2\/users\/1"}],"replies":[{"embeddable":true,"href":"https:\/\/podernacional.com\/index.php?rest_route=%2Fwp%2Fv2%2Fcomments&post=10812"}],"version-history":[{"count":1,"href":"https:\/\/podernacional.com\/index.php?rest_route=\/wp\/v2\/posts\/10812\/revisions"}],"predecessor-version":[{"id":10813,"href":"https:\/\/podernacional.com\/index.php?rest_route=\/wp\/v2\/posts\/10812\/revisions\/10813"}],"wp:featuredmedia":[{"embeddable":true,"href":"https:\/\/podernacional.com\/index.php?rest_route=\/wp\/v2\/media\/10814"}],"wp:attachment":[{"href":"https:\/\/podernacional.com\/index.php?rest_route=%2Fwp%2Fv2%2Fmedia&parent=10812"}],"wp:term":[{"taxonomy":"category","embeddable":true,"href":"https:\/\/podernacional.com\/index.php?rest_route=%2Fwp%2Fv2%2Fcategories&post=10812"},{"taxonomy":"post_tag","embeddable":true,"href":"https:\/\/podernacional.com\/index.php?rest_route=%2Fwp%2Fv2%2Ftags&post=10812"}],"curies":[{"name":"wp","href":"https:\/\/api.w.org\/{rel}","templated":true}]}}