{"id":10815,"date":"2022-12-07T18:38:22","date_gmt":"2022-12-07T23:38:22","guid":{"rendered":"https:\/\/podernacional.com\/?p=10815"},"modified":"2022-12-07T23:38:25","modified_gmt":"2022-12-07T23:38:25","slug":"teatro-por-la-democracia-es-un-plan-federal-que-fue-gestado-para-la-reflexion","status":"publish","type":"post","link":"https:\/\/podernacional.com\/?p=10815","title":{"rendered":"\u201cTeatro por la Democracia\u201d es un plan federal que fue gestado para la reflexi\u00f3n."},"content":{"rendered":"<h4>As\u00ed como la construcci\u00f3n simb\u00f3lica a partir de la empat\u00eda, el contacto con las vivencias y experiencias de los y las espectadores\/as.<\/h4>\n<p>Plan federal: El cual est\u00e1 aportando al restablecimiento de los v\u00ednculos entre la realidad cotidiana, su simbolizaci\u00f3n y reconstrucci\u00f3n colectiva.<\/p>\n<p>Adem\u00e1s al incorporar y rescatar la identidad y la memoria.<\/p>\n<p>Las puertas se abrir\u00e1n el viernes 9 de diciembre a las doce del d\u00eda y las bandas comenzar\u00e1n a tocar a las 02:00 p.m.<\/p>\n<p>En el escenario Movistar Arena tacar\u00e1n en su orden Templa In Cinere, Ceguera, Walls of Jericho, Ratos de Por\u00e3o, Samael e Hipocrisy.<\/p>\n<p>En el escenario el Carnaval Stage las presentaciones empezaran a las 3:15 de la tarde. con Vended, Suicide Silence, Trivium y Bring Me The Horizon.<\/p>\n<p>Finalmente, en el escenario Knot Stage tocar\u00e1n desde las 2:45 de la tarde la banda colombiana Acutor, Sepultura, Venom, Pantera.<\/p>\n<p>Adem\u00e1s de Judas Priest, que repite festival, luego de haber venido en 2018.<\/p>\n<p>El cartel del festival, de propiedad de Corey Taylor, vocalista de Slipknot.<\/p>\n<p>Adem\u00e1s de que ofrece una gran variedad de sonidos como el de la banda de Brasil Ratos de Por\u00e3o.<\/p>\n<p>&nbsp;<\/p>\n<h4>La cual es\u00a0precursora del hardcore punk en este pa\u00eds y fundada en 1981.<\/h4>\n<p>Pero, ante todo, los seguidores de estas tendencias esperan con ansias el regreso a las tarimas de Pantera.<\/p>\n<p>As\u00ed como de la\u00a0agrupaci\u00f3n que hab\u00eda dejado de tocar un a\u00f1o antes del asesinato del guitarrista Dimebag Darrell en 2004.<\/p>\n<p>En 2018 \u00a0Vinnie Paul, baterista y hermano de Dimebag, muri\u00f3 de un ataque al coraz\u00f3n.<\/p>\n<p>Con el deceso de los hermanos era pr\u00e1cticamente impensable una reuni\u00f3n de la banda.<\/p>\n<p>Sin embargo, este a\u00f1o el vocalista Phil Anselmo y el bajista Rex Brown confirmaron la noticia de su uni\u00f3n.<\/p>\n<p>Para completar la agrupaci\u00f3n llamaron al guitarrista Zakk Wylde, qui\u00e9n toc\u00f3 con Ozzy Osbourne.<\/p>\n<p>Adem\u00e1s de que era uno de los mejores amigos de Dimebag, y a Charlie Benante, miembro de Anthrax.<\/p>\n<p>&nbsp;<\/p>\n<h4>De acuerdo con el cartel, la tercera edici\u00f3n del festival vuelve luego de la pandemia del covid-19.<\/h4>\n<p>As\u00ed como que\u00a0espera tener el mismo o mayor \u00e9xito que las ediciones de 2018 y 2019.<\/p>\n<p>Y nada mejor que cerrar con Judas Priest, agrupaci\u00f3n brit\u00e1nica precursora del heavy metal.<\/p>\n<p>De nuevo, los colombianos volver\u00e1n a escuchar la voz de Rob Halford, que pese a sus 71 a\u00f1os.<\/p>\n<p>Adem\u00e1s de que\u00a0mantiene la capacidad de hacer sus caracter\u00edsticos agudos como los de la canci\u00f3n Victim of changes.<\/p>\n<p>\u201cTeatro por la Democracia\u201d un plan federal que fue gestado a la reflexi\u00f3n<\/p>\n","protected":false},"excerpt":{"rendered":"<p>As\u00ed como la construcci\u00f3n simb\u00f3lica a partir de la empat\u00eda, el contacto con las vivencias y experiencias de los y las espectadores\/as. Plan federal: El cual est\u00e1 aportando al restablecimiento de los v\u00ednculos entre la realidad cotidiana, su simbolizaci\u00f3n y reconstrucci\u00f3n colectiva. Adem\u00e1s al incorporar y rescatar la identidad y la memoria. Las puertas se [&hellip;]<\/p>\n","protected":false},"author":1,"featured_media":10817,"comment_status":"open","ping_status":"closed","sticky":false,"template":"","format":"standard","meta":{"footnotes":""},"categories":[9],"tags":[],"class_list":["post-10815","post","type-post","status-publish","format-standard","has-post-thumbnail","hentry","category-politica"],"_links":{"self":[{"href":"https:\/\/podernacional.com\/index.php?rest_route=\/wp\/v2\/posts\/10815","targetHints":{"allow":["GET"]}}],"collection":[{"href":"https:\/\/podernacional.com\/index.php?rest_route=\/wp\/v2\/posts"}],"about":[{"href":"https:\/\/podernacional.com\/index.php?rest_route=\/wp\/v2\/types\/post"}],"author":[{"embeddable":true,"href":"https:\/\/podernacional.com\/index.php?rest_route=\/wp\/v2\/users\/1"}],"replies":[{"embeddable":true,"href":"https:\/\/podernacional.com\/index.php?rest_route=%2Fwp%2Fv2%2Fcomments&post=10815"}],"version-history":[{"count":1,"href":"https:\/\/podernacional.com\/index.php?rest_route=\/wp\/v2\/posts\/10815\/revisions"}],"predecessor-version":[{"id":10816,"href":"https:\/\/podernacional.com\/index.php?rest_route=\/wp\/v2\/posts\/10815\/revisions\/10816"}],"wp:featuredmedia":[{"embeddable":true,"href":"https:\/\/podernacional.com\/index.php?rest_route=\/wp\/v2\/media\/10817"}],"wp:attachment":[{"href":"https:\/\/podernacional.com\/index.php?rest_route=%2Fwp%2Fv2%2Fmedia&parent=10815"}],"wp:term":[{"taxonomy":"category","embeddable":true,"href":"https:\/\/podernacional.com\/index.php?rest_route=%2Fwp%2Fv2%2Fcategories&post=10815"},{"taxonomy":"post_tag","embeddable":true,"href":"https:\/\/podernacional.com\/index.php?rest_route=%2Fwp%2Fv2%2Ftags&post=10815"}],"curies":[{"name":"wp","href":"https:\/\/api.w.org\/{rel}","templated":true}]}}