{"id":10824,"date":"2022-12-07T20:04:32","date_gmt":"2022-12-08T01:04:32","guid":{"rendered":"https:\/\/podernacional.com\/?p=10824"},"modified":"2022-12-08T01:04:34","modified_gmt":"2022-12-08T01:04:34","slug":"matteo-salvini-vicepresidente-de-italia-condeno-este-martes","status":"publish","type":"post","link":"https:\/\/podernacional.com\/?p=10824","title":{"rendered":"Matteo Salvini, vicepresidente de Italia, conden\u00f3, este martes."},"content":{"rendered":"<h4>El cual es una parte de las celebraciones colgando un v\u00eddeo en su cuenta de Twitter.<\/h4>\n<p>Matteo Salvini: En el que se ve a una veintena de aficionados marroqu\u00edes lanzando objetos en la zona habilitada para ver el partido con una pantalla gigante.<\/p>\n<p>\u00abMarruecos elimina a Espa\u00f1a, as\u00ed que &#8216;festejan&#8217; en Mil\u00e1n&#8230; Espero que los responsables sean identificados y paguen todos los da\u00f1os\u00bb, public\u00f3 junto al v\u00eddeo.<\/p>\n<p>En Tur\u00edn, hasta dos mil aficionados, seg\u00fan informan los medios locales, replicaron a sus compatriotas residentes en Mil\u00e1n.<\/p>\n<p>El hist\u00f3rico pase a cuartos de final de la selecci\u00f3n de Marruecos.<\/p>\n<p>La cual fue una ronda que disputar\u00e1n por primera vez en su historia, inund\u00f3, de nuevo, las calles de Italia.<\/p>\n<p>Algo que ya sucedi\u00f3 con la victoria ante Canad\u00e1 que les dio el pase a octavos de final hace apenas una semana.<\/p>\n<h4>As\u00ed como pero el \u00e9pico triunfo en penaltis ante Espa\u00f1a alarg\u00f3 la fiesta casi cuatro horas.<\/h4>\n<p>En Italia, de momento, es la afici\u00f3n marroqu\u00ed la que celebra los triunfos hist\u00f3ricos de su selecci\u00f3n.<\/p>\n<p>Lugar que se medir\u00e1 a Portugal por una plaza en semifinales.<\/p>\n<p>Cabe resaltar que la presente participaci\u00f3n de Marruecos es una de las mejores de la historia en cuanto a selecciones \u00e1rabes se refiere.<\/p>\n<p>De hecho, no es la primera sorpresa que da un combinado de este territorio.<\/p>\n<p>Esto\u00a0luego de la victoria de Arabia Saudita 2-1 sobre Argentina, en la jornada 1 de fase de grupos de la cita orbital.<\/p>\n<p>Matteo Salvini, vicepresidente de Italia, conden\u00f3, este martes.<\/p>\n","protected":false},"excerpt":{"rendered":"<p>El cual es una parte de las celebraciones colgando un v\u00eddeo en su cuenta de Twitter. Matteo Salvini: En el que se ve a una veintena de aficionados marroqu\u00edes lanzando objetos en la zona habilitada para ver el partido con una pantalla gigante. \u00abMarruecos elimina a Espa\u00f1a, as\u00ed que &#8216;festejan&#8217; en Mil\u00e1n&#8230; Espero que los [&hellip;]<\/p>\n","protected":false},"author":1,"featured_media":10826,"comment_status":"open","ping_status":"closed","sticky":false,"template":"","format":"standard","meta":{"footnotes":""},"categories":[5],"tags":[],"class_list":["post-10824","post","type-post","status-publish","format-standard","has-post-thumbnail","hentry","category-internacional"],"_links":{"self":[{"href":"https:\/\/podernacional.com\/index.php?rest_route=\/wp\/v2\/posts\/10824","targetHints":{"allow":["GET"]}}],"collection":[{"href":"https:\/\/podernacional.com\/index.php?rest_route=\/wp\/v2\/posts"}],"about":[{"href":"https:\/\/podernacional.com\/index.php?rest_route=\/wp\/v2\/types\/post"}],"author":[{"embeddable":true,"href":"https:\/\/podernacional.com\/index.php?rest_route=\/wp\/v2\/users\/1"}],"replies":[{"embeddable":true,"href":"https:\/\/podernacional.com\/index.php?rest_route=%2Fwp%2Fv2%2Fcomments&post=10824"}],"version-history":[{"count":1,"href":"https:\/\/podernacional.com\/index.php?rest_route=\/wp\/v2\/posts\/10824\/revisions"}],"predecessor-version":[{"id":10825,"href":"https:\/\/podernacional.com\/index.php?rest_route=\/wp\/v2\/posts\/10824\/revisions\/10825"}],"wp:featuredmedia":[{"embeddable":true,"href":"https:\/\/podernacional.com\/index.php?rest_route=\/wp\/v2\/media\/10826"}],"wp:attachment":[{"href":"https:\/\/podernacional.com\/index.php?rest_route=%2Fwp%2Fv2%2Fmedia&parent=10824"}],"wp:term":[{"taxonomy":"category","embeddable":true,"href":"https:\/\/podernacional.com\/index.php?rest_route=%2Fwp%2Fv2%2Fcategories&post=10824"},{"taxonomy":"post_tag","embeddable":true,"href":"https:\/\/podernacional.com\/index.php?rest_route=%2Fwp%2Fv2%2Ftags&post=10824"}],"curies":[{"name":"wp","href":"https:\/\/api.w.org\/{rel}","templated":true}]}}