{"id":10830,"date":"2022-12-08T18:51:06","date_gmt":"2022-12-08T23:51:06","guid":{"rendered":"https:\/\/podernacional.com\/?p=10830"},"modified":"2022-12-08T23:51:08","modified_gmt":"2022-12-08T23:51:08","slug":"el-festival-bimbache-openart-2022-llega-a-su-fase-final-en-la-palma","status":"publish","type":"post","link":"https:\/\/podernacional.com\/?p=10830","title":{"rendered":"El Festival Bimbache openART 2022 llega a su fase final en La Palma"},"content":{"rendered":"<h4>Este viernes se celebrar\u00e1 en la Plaza de Espa\u00f1a de Los Llanos de Aridane<\/h4>\n<p>El Festival Bimbache openART: El XVIII Festival Bimbache openART 2022 culminar\u00e1 este fin de semana con varios conciertos, talleres y convivencias art\u00edsticas.<\/p>\n<p>Esto\u00a0entre el 6 y el 11 de diciembre, e incluir\u00e1 una visita a Los Llanos de Aridane.<\/p>\n<p>La cual es una de las comunidades m\u00e1s afectadas por la erupci\u00f3n del volc\u00e1n.<\/p>\n<p>El broche final tendr\u00e1 lugar el s\u00e1bado d\u00eda 10, en la Plaza Virrey de Manila de Valverde, capital de la isla del \u00a0meridiano.<\/p>\n<p>As\u00ed como\u00a0con el gran concierto y muestra interdisciplinar A\u00f1oranza-La noche de las estrellas, con la participaci\u00f3n de:<\/p>\n<p>Kike Perdomo, Jep Mel\u00e9ndez, Luisa Machado &amp; Alberto M\u00e9ndez, Carlos Costa &amp; Speaking Rhythm, Ismailah y otros.<\/p>\n<p>Varios m\u00e1s invitados -entre ellos Andr\u00e9s Leoni (Argentina), Beljana &amp; Valtteri (Alemania\/Finlandia, danza contempor\u00e1nea).<\/p>\n<p>Adem\u00e1s de \u00a0Alexis W (arte visual)- se unir\u00e1n a los Bimbache openART Canarias All Stars, bajo la direcci\u00f3n art\u00edstica del premiado guitarrista.<\/p>\n<p>&nbsp;<\/p>\n<h4>Al igual que la activista social y herre\u00f1o de coraz\u00f3n Torsten de Winkel.<\/h4>\n<p>Tras dos a\u00f1os de pandemia, confinamientos y restricciones, el esp\u00edritu que ha caracterizado la filosof\u00eda del Festival Bimbache openART.<\/p>\n<p>Esto\u00a0desde su creaci\u00f3n pretende reivindicar la a\u00f1oranza de un mundo m\u00e1s pac\u00edfico, igualitario y sostenible.<\/p>\n<p>Adem\u00e1s de volver a disfrutar de las ricas e intensas jornadas de convivencia casi anuladas por estos dos a\u00f1os tan cr\u00edticos y llenos de incertidumbre.<\/p>\n<p>Por su parte, el colectivo de artistas y pensadores locales y alrededor del globo, los que forman la base de este proyecto pionero.<\/p>\n<p>Adem\u00e1s de que\u00a0se queda con la a\u00f1oranza de retomar la plenitud de logros en estos 18 a\u00f1os de existencia del festival:<\/p>\n<p>Residencias art\u00edsticas, la participaci\u00f3n habitual de artistas llegados de los cinco continentes, el trabajo en com\u00fan en diversos formatos de creaci\u00f3n.<\/p>\n<p>&nbsp;<\/p>\n<h4>As\u00ed como de\u00a0actividad cultural desarrollados in situ, en la propia isla del Meridiano, en forma de laboratorios creativos y actividades de diversa \u00edndole:<\/h4>\n<p>debates, charlas, exposiciones, talleres, siempre abiertos a la participaci\u00f3n de nuevos creadores\/artistas de cualquier estilo o procedencia.<\/p>\n<p>En definitiva, volver a tomar el ritmo y la intensidad del contacto y de la colaboraci\u00f3n entre las personas como antes de esta crisis.<\/p>\n<p>Adem\u00e1s ha dejado consecuencias nada favorables una vez dada por terminada la crisis sanitaria.<\/p>\n<p>Al igual que\u00a0como se ha expresado en las dificultades del sector en el intento de volver a arrancar las convocatorias.<\/p>\n<p>Esto\u00a0de apoyo a las iniciativas culturales privadas.<\/p>\n<p>Por ello, la direcci\u00f3n del festival ha ideado todo un nuevo concepto para sus \u201cCanarias All Stars\u201d.<\/p>\n<p>El cual es formato que se ha presentado en los 5 continentes antes del Covid.<\/p>\n<p>As\u00ed como\u00a0los que van a formar el coro art\u00edstico en la presente edici\u00f3n.<\/p>\n<p><u>\u00a0<\/u><\/p>\n","protected":false},"excerpt":{"rendered":"<p>Este viernes se celebrar\u00e1 en la Plaza de Espa\u00f1a de Los Llanos de Aridane El Festival Bimbache openART: El XVIII Festival Bimbache openART 2022 culminar\u00e1 este fin de semana con varios conciertos, talleres y convivencias art\u00edsticas. Esto\u00a0entre el 6 y el 11 de diciembre, e incluir\u00e1 una visita a Los Llanos de Aridane. La cual [&hellip;]<\/p>\n","protected":false},"author":1,"featured_media":10832,"comment_status":"open","ping_status":"closed","sticky":false,"template":"","format":"standard","meta":{"footnotes":""},"categories":[2],"tags":[],"class_list":["post-10830","post","type-post","status-publish","format-standard","has-post-thumbnail","hentry","category-cultural"],"_links":{"self":[{"href":"https:\/\/podernacional.com\/index.php?rest_route=\/wp\/v2\/posts\/10830","targetHints":{"allow":["GET"]}}],"collection":[{"href":"https:\/\/podernacional.com\/index.php?rest_route=\/wp\/v2\/posts"}],"about":[{"href":"https:\/\/podernacional.com\/index.php?rest_route=\/wp\/v2\/types\/post"}],"author":[{"embeddable":true,"href":"https:\/\/podernacional.com\/index.php?rest_route=\/wp\/v2\/users\/1"}],"replies":[{"embeddable":true,"href":"https:\/\/podernacional.com\/index.php?rest_route=%2Fwp%2Fv2%2Fcomments&post=10830"}],"version-history":[{"count":1,"href":"https:\/\/podernacional.com\/index.php?rest_route=\/wp\/v2\/posts\/10830\/revisions"}],"predecessor-version":[{"id":10831,"href":"https:\/\/podernacional.com\/index.php?rest_route=\/wp\/v2\/posts\/10830\/revisions\/10831"}],"wp:featuredmedia":[{"embeddable":true,"href":"https:\/\/podernacional.com\/index.php?rest_route=\/wp\/v2\/media\/10832"}],"wp:attachment":[{"href":"https:\/\/podernacional.com\/index.php?rest_route=%2Fwp%2Fv2%2Fmedia&parent=10830"}],"wp:term":[{"taxonomy":"category","embeddable":true,"href":"https:\/\/podernacional.com\/index.php?rest_route=%2Fwp%2Fv2%2Fcategories&post=10830"},{"taxonomy":"post_tag","embeddable":true,"href":"https:\/\/podernacional.com\/index.php?rest_route=%2Fwp%2Fv2%2Ftags&post=10830"}],"curies":[{"name":"wp","href":"https:\/\/api.w.org\/{rel}","templated":true}]}}