{"id":10833,"date":"2022-12-08T18:56:32","date_gmt":"2022-12-08T23:56:32","guid":{"rendered":"https:\/\/podernacional.com\/?p=10833"},"modified":"2022-12-08T23:56:34","modified_gmt":"2022-12-08T23:56:34","slug":"festival-de-arte-queer-en-el-centro-cultural-kirchner","status":"publish","type":"post","link":"https:\/\/podernacional.com\/?p=10833","title":{"rendered":"Festival de Arte Queer en el Centro Cultural Kirchner"},"content":{"rendered":"<h4>Se realizar\u00e1 un conversatorio con las escritoras Elizabeth Duval (Espa\u00f1a) y Dolores Reyes (Argentina).<\/h4>\n<p>Festival de Arte Queer: Esto como parte de la quinta edici\u00f3n del Festival de Arte Queer (FAQ). Entrada gratuita<\/p>\n<p>Este jueves 8 de diciembre a las 19 h se desarrollar\u00e1 el conversatorio Hablemos de amor.<\/p>\n<p>Adem\u00e1s\u00a0del fin del mundo y de qu\u00e9 hacemos esta noche en La C\u00fapula del Centro Cultural Kirchner.<\/p>\n<p>El evento contar\u00e1 con la participaci\u00f3n de las escritoras Elizabeth Duval (Espa\u00f1a) y Dolores Reyes (Argentina).<\/p>\n<p>Como parte de la quinta edici\u00f3n del Festival de Arte Queer (FAQ) con entrada gratuita. El cierre musical estar\u00e1 a cargo de Susi Pirelli.<\/p>\n<p>El cual el\u00a0d\u00fao compuesto por Paula Trama e In\u00e9s Copertino.<\/p>\n<h4>La actividad no requiere reserva previa y se ingresa por orden de llegada hasta agotar la capacidad de la sala.<\/h4>\n<p>\u00abConversar con una escritora de un pensamiento tan prol\u00edfico.<\/p>\n<p>As\u00ed como de\u00a0potente como el de Elizabeth Duval nos va a permitir la enorme posibilidad de escucharla desplegar los recorridos.<\/p>\n<p>La cual\u00a0que la llevaron a la escritura de sus dos novelas, de su poemario y de su enorme ensayo.<\/p>\n<p>Despu\u00e9s de lo trans y poder apreciar cu\u00e1l es el impacto de su palabra y de sus ideas en la sociedades europeas e hispanoamericana actuales.<\/p>\n<p>Esto lo\u00a0se\u00f1al\u00f3 Dolores Reyes. *\u00bbVamos al encuentro de una escritora muy joven que tiene ya obra, recorrido, activismo y una destacada presencia en medios.<\/p>\n<p>Una oportunidad \u00fanica de encontrarse con la cocina de po\u00e9ticas vivas que enriquecen los debates y reflexiones centrales de nuestras sociedades de cara al futuro\u00bb.<\/p>\n<p>Mientras que Elizabeth Duval declar\u00f3: \u00abCreo que la pregunta no es tanto si es posible definir un tema como el amor, el fin del mundo.<\/p>\n<p>Al igual de\u00a0qu\u00e9 hacemos esta noche, sino si alguna vez hablamos realmente de otra cosa.<\/p>\n<p>Este di\u00e1logo con Dolores Reyes es para m\u00ed una oportunidad de tejer complejidades y que me lleven de la manita<\/p>\n<p>Adem\u00e1s de\u00a0\u2013Dolo es una especialista en la ternura\u2013 a conocer a un p\u00fablico argentino que me emociona.<\/p>\n<p>En mi obra trato de amor y de noches, tambi\u00e9n algo de apocalipsis o de peque\u00f1os fines del mundo.<\/p>\n<p>Esto\u00a0porque el mundo se acaba muchos d\u00edas, y en este conversatorio podremos explorar similitudes, diferencias, pasiones e ideas charlando.<\/p>\n<h4>As\u00ed como el\u00a0largo y tendido, para que en Buenos Aires conozcan mi obra un poco m\u00e1s.<\/h4>\n<p>Adem\u00e1s que ojal\u00e1 para que yo pueda conocer un poco m\u00e1s a Argentina\u00bb.<\/p>\n<p>En tanto Lisa Kerner, creadora y programadora del festival junto a Violeta Uman sostuvo:<\/p>\n<p>\u00abEsta quinta edici\u00f3n de Arte Queer tiene varios ejes. Por un lado seguir sosteniendo un festival de much\u00edsima calidad, innovador y prestigio\u201d.<\/p>\n<p>\u201cEsto\u00a0con entrada en su mayor\u00eda gratuita o con precios recontra accesibles en un momento de crisis\u201d.<\/p>\n<p>As\u00ed como\u00a0que por lo general las entradas a festivales son pr\u00e1cticamente prohibitivas para la mayor\u00eda de las personas.<\/p>\n<p>Otro eje fue armar un arco hist\u00f3rico que permita-active el di\u00e1logo entre generaciones.<\/p>\n<p>En este sentido estamos trayendo de Espa\u00f1a a Elizabeth Duval.<\/p>\n<p>La cual es\u00a0una joven escritora e intelectual de 22 a\u00f1os considerada una de las personas m\u00e1s influyentes de la cultura intelectual.<\/p>\n<p>As\u00ed como de\u00a0pop actual y tambi\u00e9n celebrando los 30 a\u00f1os del libro El affair Skeffington, de Mar\u00eda Moreno.<\/p>\n<p>Por \u00faltimo destacar el uso del espacio p\u00fablico, llegar al Cultural San Mart\u00edn a metros de calle Corrientes.<\/p>\n<p>Adem\u00e1s del corte de calle para el d\u00eda de cierre, sobre Luis Mar\u00eda Drago.<\/p>\n<p>Esto\u00a0en la puerta de nuestro Centro Cultural Casa Brandon que este a\u00f1o cumpli\u00f3 17 a\u00f1os\u00bb.<\/p>\n","protected":false},"excerpt":{"rendered":"<p>Se realizar\u00e1 un conversatorio con las escritoras Elizabeth Duval (Espa\u00f1a) y Dolores Reyes (Argentina). Festival de Arte Queer: Esto como parte de la quinta edici\u00f3n del Festival de Arte Queer (FAQ). Entrada gratuita Este jueves 8 de diciembre a las 19 h se desarrollar\u00e1 el conversatorio Hablemos de amor. Adem\u00e1s\u00a0del fin del mundo y de [&hellip;]<\/p>\n","protected":false},"author":1,"featured_media":10835,"comment_status":"open","ping_status":"closed","sticky":false,"template":"","format":"standard","meta":{"footnotes":""},"categories":[4],"tags":[],"class_list":["post-10833","post","type-post","status-publish","format-standard","has-post-thumbnail","hentry","category-espectaculos"],"_links":{"self":[{"href":"https:\/\/podernacional.com\/index.php?rest_route=\/wp\/v2\/posts\/10833","targetHints":{"allow":["GET"]}}],"collection":[{"href":"https:\/\/podernacional.com\/index.php?rest_route=\/wp\/v2\/posts"}],"about":[{"href":"https:\/\/podernacional.com\/index.php?rest_route=\/wp\/v2\/types\/post"}],"author":[{"embeddable":true,"href":"https:\/\/podernacional.com\/index.php?rest_route=\/wp\/v2\/users\/1"}],"replies":[{"embeddable":true,"href":"https:\/\/podernacional.com\/index.php?rest_route=%2Fwp%2Fv2%2Fcomments&post=10833"}],"version-history":[{"count":1,"href":"https:\/\/podernacional.com\/index.php?rest_route=\/wp\/v2\/posts\/10833\/revisions"}],"predecessor-version":[{"id":10834,"href":"https:\/\/podernacional.com\/index.php?rest_route=\/wp\/v2\/posts\/10833\/revisions\/10834"}],"wp:featuredmedia":[{"embeddable":true,"href":"https:\/\/podernacional.com\/index.php?rest_route=\/wp\/v2\/media\/10835"}],"wp:attachment":[{"href":"https:\/\/podernacional.com\/index.php?rest_route=%2Fwp%2Fv2%2Fmedia&parent=10833"}],"wp:term":[{"taxonomy":"category","embeddable":true,"href":"https:\/\/podernacional.com\/index.php?rest_route=%2Fwp%2Fv2%2Fcategories&post=10833"},{"taxonomy":"post_tag","embeddable":true,"href":"https:\/\/podernacional.com\/index.php?rest_route=%2Fwp%2Fv2%2Ftags&post=10833"}],"curies":[{"name":"wp","href":"https:\/\/api.w.org\/{rel}","templated":true}]}}