{"id":10839,"date":"2022-12-08T19:14:20","date_gmt":"2022-12-09T00:14:20","guid":{"rendered":"https:\/\/podernacional.com\/?p=10839"},"modified":"2022-12-09T00:14:22","modified_gmt":"2022-12-09T00:14:22","slug":"la-cruz-roja-internacional-visito-a-prisioneros-de-guerra-rusos-y-ucranianos","status":"publish","type":"post","link":"https:\/\/podernacional.com\/?p=10839","title":{"rendered":"La Cruz Roja Internacional visit\u00f3 a prisioneros de guerra rusos y ucranianos"},"content":{"rendered":"<h4>Prisioneros de guerra en manos de la fuerzas de Rusia y Ucrania recibieron la visita de representantes del Comit\u00e9 Internacional de la Cruz Roja (CICR).<\/h4>\n<p>La Cruz Roja Internacional: Entre la semana pasada y enviaron mensajes a sus familias, ansiosas de recibir noticias de ellos, dijo hoy la instituci\u00f3n.<\/p>\n<p>\u00abLos delegados pudieron verificar las condiciones en que se encuentran y el trato que reciben los detenidos\u201d..<\/p>\n<p>\u201cAs\u00ed como transmitir sus noticias a sus familiares.<\/p>\n<p>Nuestros equipos tambi\u00e9n pudieron entregar libros, art\u00edculos de aseo personal, mantas y ropa de abrigo para los detenidos\u00bb, indic\u00f3.<\/p>\n<p>\u00abMi expectativa es que estas visitas permitan un acceso m\u00e1s regular a todos los prisioneros de guerra\u00bb.<\/p>\n<p>Esto se\u00f1al\u00f3 la presidenta del CICR, Mirjana Spoljaric, en un comunicado distribuido en Ginebra, donde la entidad tiene su sede mundial.<\/p>\n<p>Los delegados de la Cruz Roja Internacional visitaron a los prisioneros de guerra ucranianos durante dos d\u00edas.<\/p>\n<p>Adem\u00e1s de que\u00a0tienen previsto continuar esta semana, una actividad que realiza en cumplimiento de las Convenciones de Ginebra.<\/p>\n<p>Esto\u00a0un conjunto de reglas m\u00ednimas que las partes de un conflicto armado deben respetar.<\/p>\n<p>Tambi\u00e9n durante dos d\u00edas fueron visitados los prisioneros rusos en mano del Ej\u00e9rcito de Ucrania.<\/p>\n<h4>Al igual que\u00a0en este caso las pr\u00f3ximas visitas se han planeado para finales de diciembre.<\/h4>\n<p>\u00abEstas visitas representan avances importantes, pero debe otorgarse un acceso sin restricciones al CICR\u201d.<\/p>\n<p>\u201cPara que se entreviste con todos los prisioneros de guerra en privado y varias veces, donde sea que est\u00e9n detenidos\u00bb.<\/p>\n<p>Esto lo indic\u00f3 la responsable de la Cruz Roja.<\/p>\n<p>El CICR indic\u00f3 que se ha puesto en contacto con los familiares de los prisioneros visitados para transmitirles noticias de ellos.<\/p>\n<p>As\u00ed como que en la mayor\u00eda de casos consisten en breves mensajes de cari\u00f1o e informaciones de \u00edndole personal.<\/p>\n<p>\u00abAlgunos prisioneros les dicen a sus familiares que no se preocupen. Otros piden cigarrillos, calcetines y dulces\u201d.<\/p>\n<p>\u201cTodos estos mensajes alivian la angustia de las familias\u00bb, se\u00f1al\u00f3 la organizaci\u00f3n, que trabaja en Ucrania desde 2014.<\/p>\n<p>Dicho\u00a0a\u00f1o del inicio del conflicto armado iniciado por grupos separatistas en dos provincia del este del pa\u00eds, con el apoyo de Rusia.<\/p>\n","protected":false},"excerpt":{"rendered":"<p>Prisioneros de guerra en manos de la fuerzas de Rusia y Ucrania recibieron la visita de representantes del Comit\u00e9 Internacional de la Cruz Roja (CICR). La Cruz Roja Internacional: Entre la semana pasada y enviaron mensajes a sus familias, ansiosas de recibir noticias de ellos, dijo hoy la instituci\u00f3n. \u00abLos delegados pudieron verificar las condiciones [&hellip;]<\/p>\n","protected":false},"author":1,"featured_media":10841,"comment_status":"open","ping_status":"closed","sticky":false,"template":"","format":"standard","meta":{"footnotes":""},"categories":[5],"tags":[],"class_list":["post-10839","post","type-post","status-publish","format-standard","has-post-thumbnail","hentry","category-internacional"],"_links":{"self":[{"href":"https:\/\/podernacional.com\/index.php?rest_route=\/wp\/v2\/posts\/10839","targetHints":{"allow":["GET"]}}],"collection":[{"href":"https:\/\/podernacional.com\/index.php?rest_route=\/wp\/v2\/posts"}],"about":[{"href":"https:\/\/podernacional.com\/index.php?rest_route=\/wp\/v2\/types\/post"}],"author":[{"embeddable":true,"href":"https:\/\/podernacional.com\/index.php?rest_route=\/wp\/v2\/users\/1"}],"replies":[{"embeddable":true,"href":"https:\/\/podernacional.com\/index.php?rest_route=%2Fwp%2Fv2%2Fcomments&post=10839"}],"version-history":[{"count":1,"href":"https:\/\/podernacional.com\/index.php?rest_route=\/wp\/v2\/posts\/10839\/revisions"}],"predecessor-version":[{"id":10840,"href":"https:\/\/podernacional.com\/index.php?rest_route=\/wp\/v2\/posts\/10839\/revisions\/10840"}],"wp:featuredmedia":[{"embeddable":true,"href":"https:\/\/podernacional.com\/index.php?rest_route=\/wp\/v2\/media\/10841"}],"wp:attachment":[{"href":"https:\/\/podernacional.com\/index.php?rest_route=%2Fwp%2Fv2%2Fmedia&parent=10839"}],"wp:term":[{"taxonomy":"category","embeddable":true,"href":"https:\/\/podernacional.com\/index.php?rest_route=%2Fwp%2Fv2%2Fcategories&post=10839"},{"taxonomy":"post_tag","embeddable":true,"href":"https:\/\/podernacional.com\/index.php?rest_route=%2Fwp%2Fv2%2Ftags&post=10839"}],"curies":[{"name":"wp","href":"https:\/\/api.w.org\/{rel}","templated":true}]}}