{"id":10842,"date":"2022-12-08T19:19:15","date_gmt":"2022-12-09T00:19:15","guid":{"rendered":"https:\/\/podernacional.com\/?p=10842"},"modified":"2022-12-09T00:19:17","modified_gmt":"2022-12-09T00:19:17","slug":"cancun-abre-el-primer-hospital-en-el-corazon-de-la-zona-hotelera","status":"publish","type":"post","link":"https:\/\/podernacional.com\/?p=10842","title":{"rendered":"Canc\u00fan: abre el primer hospital en el coraz\u00f3n de la Zona Hotelera"},"content":{"rendered":"<h4>El pasado martes 6 de diciembre se inaugur\u00f3 el Hospital Joya en Canc\u00fan, \u00fanico hospital ubicado en el coraz\u00f3n de la zona hotelera de Canc\u00fan.<\/h4>\n<p>Primer hospital: Esto con tecnolog\u00eda de punta en equipamiento m\u00e9dico y consolid\u00e1ndose como uno de los grupos hospitalarios m\u00e1s importantes del pa\u00eds.<\/p>\n<p>A la inauguraci\u00f3n acudieron autoridades municipales, estatales y federales, entre ellas la gobernadora Mara Lezama.<\/p>\n<p>As\u00ed como de\u00a0la presidenta municipal de Benito Ju\u00e1rez, Ana Patricia Peralta, as\u00ed como Armando Joya, presidente de Grupo M\u00e9dico Joya.<\/p>\n<p>Este nuevo hospital privado brindar\u00e1 cobertura m\u00e9dica no s\u00f3lo a los habitantes de Canc\u00fan.<\/p>\n<p>Sino tambi\u00e9n a los millones de turistas que cada a\u00f1o visitan este destino, refrendando el compromiso de contar con servicios de salud de alta calidad.<\/p>\n<p>\u201cGracias por confiar en Canc\u00fan, invertir y establecerse para generar m\u00e1s fuentes de empleo\u201d.<\/p>\n<p>As\u00ed como de\u00a0aumentar la oferta hospitalaria en nuestra ciudad, esto representa el primer hospital en la zona hotelera, el coraz\u00f3n tur\u00edstico de nuestro municipio\u201d.<\/p>\n<h4>Esto lo expres\u00f3 Peralta, durante la inauguraci\u00f3n del hospital.<\/h4>\n<p>Ubicado en Plaza Kukulc\u00e1n, km. 13 de la zona hotelera, este nuevo hospital atender\u00e1 m\u00e1s de 35 de especialidades.<\/p>\n<p>Con 8 mil metros cuadrados de construcci\u00f3n, esta unidad hospitalaria cuenta con:<\/p>\n<p>48 camas, 6 incubadoras, 10 cunas de reci\u00e9n nacido, 7 quir\u00f3fanos, 40 consultorios m\u00e9dicos, sala de hemodinamia o cateterismo cardiaco.<\/p>\n<p>As\u00ed como del\u00a0laboratorio de an\u00e1lisis cl\u00ednico, unidad de terapia intensiva adulto y pedi\u00e1trica, entre otros servicios.<\/p>\n<p>\u201cHospitales Joya se consolida como uno de los grupos hospitalarios m\u00e1s importantes del pa\u00eds\u201d.<\/p>\n<p>El cual est\u00e1\u00a0destacando por su alto grado de especializaci\u00f3n en turismo m\u00e9dico, con 12 unidades.<\/p>\n<p>Las cuales son en\u00a0hospitalarias que se ubican en los principales destinos tur\u00edsticos del pa\u00eds como lo son:<\/p>\n<p>Vallarta, Nuevo Vallarta, Riviera Nayarit, Manzanillo, Guadalajara, San Miguel de Allende, Quer\u00e9taro, Torre\u00f3n, Tijuana, Canc\u00fan, Playa del Carmen.<\/p>\n<p>Adem\u00e1s que\u00a0pr\u00f3ximamente Tulum y los cabos; experiencia que nos permite atender con altos est\u00e1ndares de calidad.<\/p>\n<p>\u201cAdem\u00e1s de la certificaci\u00f3n a visitantes nacionales y extranjeros\u201d, dijo Armando Joya.<\/p>\n<p>&nbsp;<\/p>\n<p>&nbsp;<\/p>\n","protected":false},"excerpt":{"rendered":"<p>El pasado martes 6 de diciembre se inaugur\u00f3 el Hospital Joya en Canc\u00fan, \u00fanico hospital ubicado en el coraz\u00f3n de la zona hotelera de Canc\u00fan. Primer hospital: Esto con tecnolog\u00eda de punta en equipamiento m\u00e9dico y consolid\u00e1ndose como uno de los grupos hospitalarios m\u00e1s importantes del pa\u00eds. A la inauguraci\u00f3n acudieron autoridades municipales, estatales y [&hellip;]<\/p>\n","protected":false},"author":1,"featured_media":10844,"comment_status":"open","ping_status":"closed","sticky":false,"template":"","format":"standard","meta":{"footnotes":""},"categories":[11],"tags":[],"class_list":["post-10842","post","type-post","status-publish","format-standard","has-post-thumbnail","hentry","category-salud"],"_links":{"self":[{"href":"https:\/\/podernacional.com\/index.php?rest_route=\/wp\/v2\/posts\/10842","targetHints":{"allow":["GET"]}}],"collection":[{"href":"https:\/\/podernacional.com\/index.php?rest_route=\/wp\/v2\/posts"}],"about":[{"href":"https:\/\/podernacional.com\/index.php?rest_route=\/wp\/v2\/types\/post"}],"author":[{"embeddable":true,"href":"https:\/\/podernacional.com\/index.php?rest_route=\/wp\/v2\/users\/1"}],"replies":[{"embeddable":true,"href":"https:\/\/podernacional.com\/index.php?rest_route=%2Fwp%2Fv2%2Fcomments&post=10842"}],"version-history":[{"count":1,"href":"https:\/\/podernacional.com\/index.php?rest_route=\/wp\/v2\/posts\/10842\/revisions"}],"predecessor-version":[{"id":10843,"href":"https:\/\/podernacional.com\/index.php?rest_route=\/wp\/v2\/posts\/10842\/revisions\/10843"}],"wp:featuredmedia":[{"embeddable":true,"href":"https:\/\/podernacional.com\/index.php?rest_route=\/wp\/v2\/media\/10844"}],"wp:attachment":[{"href":"https:\/\/podernacional.com\/index.php?rest_route=%2Fwp%2Fv2%2Fmedia&parent=10842"}],"wp:term":[{"taxonomy":"category","embeddable":true,"href":"https:\/\/podernacional.com\/index.php?rest_route=%2Fwp%2Fv2%2Fcategories&post=10842"},{"taxonomy":"post_tag","embeddable":true,"href":"https:\/\/podernacional.com\/index.php?rest_route=%2Fwp%2Fv2%2Ftags&post=10842"}],"curies":[{"name":"wp","href":"https:\/\/api.w.org\/{rel}","templated":true}]}}