{"id":10845,"date":"2022-12-08T19:56:50","date_gmt":"2022-12-09T00:56:50","guid":{"rendered":"https:\/\/podernacional.com\/?p=10845"},"modified":"2022-12-09T00:56:52","modified_gmt":"2022-12-09T00:56:52","slug":"volvo-cars-abre-un-nuevo-centro-tecnologico-en-estocolmo-con-mas-de-7500-metros-cuadrados-en-dos-platas","status":"publish","type":"post","link":"https:\/\/podernacional.com\/?p=10845","title":{"rendered":"Volvo Cars abre un nuevo centro tecnol\u00f3gico en Estocolmo con m\u00e1s de 7500 metros cuadrados en dos platas."},"content":{"rendered":"<h4>Esto\u00a0con un \u00a0entorno de trabajo moderno y actualizado para m\u00e1s de 700 empleados<\/h4>\n<p>Volvo Cars: Cubre dos plantas, contiene m\u00e1s de 7500 metros cuadrados de superficie y ofrece un entorno de trabajo moderno.<\/p>\n<p>As\u00ed mismo de estar actualizado para m\u00e1s de 700 empleados talentosos<\/p>\n<p>El centro tecnol\u00f3gico est\u00e1 ubicado cerca de Volvo Studio en el centro de Estocolmo.<\/p>\n<p>Adem\u00e1s de que\u00a0ser\u00e1 parte de nuestra base futura a medida que continuamos trabajando para lograr nuestras ambiciones de mediados de la d\u00e9cada,\u00a0m\u00e1s all\u00e1.<\/p>\n<p>La industria automotriz est\u00e1 cambiando r\u00e1pidamente y nuestra nueva generaci\u00f3n de autos totalmente el\u00e9ctricos.<\/p>\n<p>Los cuales est\u00e1n\u00a0incluido el SUV Volvo EX90 presentado recientemente, estar\u00e1 definido por software.<\/p>\n<p>El autom\u00f3vil Volvo del futuro ser\u00e1 completamente el\u00e9ctrico para 2030, se vender\u00e1 cada vez m\u00e1s en l\u00ednea.<\/p>\n<p>Adem\u00e1s de que\u00a0funcionar\u00e1 con computadoras centrales de \u00faltima generaci\u00f3n y mejorar\u00e1 con el tiempo gracias a las actualizaciones de software inal\u00e1mbricas.<\/p>\n<h4>\u201cPara acelerar nuestra transici\u00f3n, estamos en el proceso de reclutar cientos de talentos en \u00e1reas como ingenier\u00eda de software, an\u00e1lisis\u201d.<\/h4>\n<p>\u201cAs\u00ed como\u00a0ciencia de datos, gesti\u00f3n de productos, negocios en l\u00ednea y desarrollo de la experiencia del cliente\u201d.<\/p>\n<p>Esto lo dijo Bj\u00f6rn Annwall, nuestro director comercial y adjunto. CEO.<\/p>\n<p>\u201cMuchos de ellos estar\u00e1n basados\u00a0en nuestro nuevo centro tecnol\u00f3gico\u201d.<\/p>\n<p>El centro tecnol\u00f3gico tambi\u00e9n servir\u00e1 como base para nuestros negocios y actividades en la regi\u00f3n de Estocolmo en general.<\/p>\n<p>Su objetivo es ser una parte central de la escena tecnol\u00f3gica de Estocolmo, justo en el hogar.<\/p>\n<p>Adem\u00e1s del lugar de nacimiento de varias empresas tecnol\u00f3gicas multimillonarias de \u00e9xito mundial.<\/p>\n<p>A trav\u00e9s de una amplia variedad de eventos en nuestro nuevo centro tecnol\u00f3gico, planeamos relacionarnos con otras mentes tecnol\u00f3gicas brillantes en la capital sueca.<\/p>\n<h4>Las nuevas instalaciones tambi\u00e9n tienen un enfoque especial en el bienestar de los empleados.<\/h4>\n<p>Los cuales\u00a0incluye la creaci\u00f3n de dos salas recreativas inspiradas en el concepto japon\u00e9s de Shinrin Yoku.<\/p>\n<p>Aqu\u00ed, los empleados pueden explorar una experiencia inmersiva de cine, sonido y luz dise\u00f1ada para desestresarse.<\/p>\n<p>\u201cNuestro nuevo centro de Estocolmo est\u00e1 dise\u00f1ado para despertar la creatividad y la colaboraci\u00f3n\u201d, dijo Hanna Fager, nuestra directora de recursos humanos.<\/p>\n<p>\u201cSer\u00e1 un lugar de trabajo moderno e inclusivo que permitir\u00e1 que los talentos actuales y futuros con una amplia variedad de conocimientos trabajen y cooperen\u201d.<\/p>\n<p>\u201cUn sello distintivo del dise\u00f1o moderno escandinavo, refleja todas las fortalezas de la marca Volvo\u201d.<\/p>\n<p>Volvo Cars abre un nuevo centro tecnol\u00f3gico en Estocolmo<\/p>\n","protected":false},"excerpt":{"rendered":"<p>Esto\u00a0con un \u00a0entorno de trabajo moderno y actualizado para m\u00e1s de 700 empleados Volvo Cars: Cubre dos plantas, contiene m\u00e1s de 7500 metros cuadrados de superficie y ofrece un entorno de trabajo moderno. As\u00ed mismo de estar actualizado para m\u00e1s de 700 empleados talentosos El centro tecnol\u00f3gico est\u00e1 ubicado cerca de Volvo Studio en el [&hellip;]<\/p>\n","protected":false},"author":1,"featured_media":10847,"comment_status":"open","ping_status":"closed","sticky":false,"template":"","format":"standard","meta":{"footnotes":""},"categories":[13],"tags":[],"class_list":["post-10845","post","type-post","status-publish","format-standard","has-post-thumbnail","hentry","category-tecnologia"],"_links":{"self":[{"href":"https:\/\/podernacional.com\/index.php?rest_route=\/wp\/v2\/posts\/10845","targetHints":{"allow":["GET"]}}],"collection":[{"href":"https:\/\/podernacional.com\/index.php?rest_route=\/wp\/v2\/posts"}],"about":[{"href":"https:\/\/podernacional.com\/index.php?rest_route=\/wp\/v2\/types\/post"}],"author":[{"embeddable":true,"href":"https:\/\/podernacional.com\/index.php?rest_route=\/wp\/v2\/users\/1"}],"replies":[{"embeddable":true,"href":"https:\/\/podernacional.com\/index.php?rest_route=%2Fwp%2Fv2%2Fcomments&post=10845"}],"version-history":[{"count":1,"href":"https:\/\/podernacional.com\/index.php?rest_route=\/wp\/v2\/posts\/10845\/revisions"}],"predecessor-version":[{"id":10846,"href":"https:\/\/podernacional.com\/index.php?rest_route=\/wp\/v2\/posts\/10845\/revisions\/10846"}],"wp:featuredmedia":[{"embeddable":true,"href":"https:\/\/podernacional.com\/index.php?rest_route=\/wp\/v2\/media\/10847"}],"wp:attachment":[{"href":"https:\/\/podernacional.com\/index.php?rest_route=%2Fwp%2Fv2%2Fmedia&parent=10845"}],"wp:term":[{"taxonomy":"category","embeddable":true,"href":"https:\/\/podernacional.com\/index.php?rest_route=%2Fwp%2Fv2%2Fcategories&post=10845"},{"taxonomy":"post_tag","embeddable":true,"href":"https:\/\/podernacional.com\/index.php?rest_route=%2Fwp%2Fv2%2Ftags&post=10845"}],"curies":[{"name":"wp","href":"https:\/\/api.w.org\/{rel}","templated":true}]}}