{"id":10854,"date":"2022-12-09T19:56:43","date_gmt":"2022-12-10T00:56:43","guid":{"rendered":"https:\/\/podernacional.com\/?p=10854"},"modified":"2022-12-10T00:56:45","modified_gmt":"2022-12-10T00:56:45","slug":"el-estado-de-mexico-albergara-el-festival-de-luces-de-china","status":"publish","type":"post","link":"https:\/\/podernacional.com\/?p=10854","title":{"rendered":"El Estado de M\u00e9xico albergar\u00e1 el festival de luces de China"},"content":{"rendered":"<h4>Este evento proveniente del lejano oriente se extender\u00e1 hasta febrero del pr\u00f3ximo a\u00f1o. Te enlistamos los costos de acceso.<\/h4>\n<p>El Estado de M\u00e9xico: Es una celebraci\u00f3n tradicional del pa\u00eds asi\u00e1tico que se celebra el decimoquinto d\u00eda del primer mes.<\/p>\n<p>Esto en el calendario lunisolar chino.<\/p>\n<p>La recta final del a\u00f1o se caracteriza por la realizaci\u00f3n de diversos eventos culturales muchos de ellos dedicados a la \u00e9poca decembrina.<\/p>\n<p>Los cuales son de Navidad y A\u00f1o Nuevo.<\/p>\n<p>Lugar\u00a0en donde adem\u00e1s de los organizados por las autoridades gubernamentales, participan de otros pa\u00edses.<\/p>\n<p>En el Estado de M\u00e9xico se llevar\u00e1 a cabo el Winter Lanter Festival 2022.<\/p>\n<p>El cual es\u00a0un concepto que permite al p\u00fablico conocer la cultura de China a trav\u00e9s de figuras iluminadas y revestidas en seda.<\/p>\n<p>Adem\u00e1s de que\u00a0se mont\u00f3 en M\u00e9xico por primera vez.<\/p>\n<h4>\u00bfQu\u00e9 es el Winter Lantern Festival?<\/h4>\n<p>El Winter Lantern est\u00e1 inspirado en el Shangyuan Festival de China, el festival de linternas m\u00e1s grande del mundo.<\/p>\n<p>Es una celebraci\u00f3n tradicional del pa\u00eds asi\u00e1tico que se celebra el decimoquinto d\u00eda del primer mes en el calendario lunisolar chino.<\/p>\n<p>En el calendario gregoriano cae en febrero o inicios de marzo y marca el \u00faltimo d\u00eda de las celebraciones tradicionales del A\u00f1o Nuevo Chino.<\/p>\n<h4>\u00bfQu\u00e9 habr\u00e1 en el festival?<\/h4>\n<p>La sede ser\u00e1 en la Plaza Ciudad Jard\u00edn en Nezahualc\u00f3yotl, Estado de M\u00e9xico.<\/p>\n<p>Lugar en donde tambi\u00e9n permitir\u00e1 a los asistentes conocer las tradiciones culinarias, de vestimenta e incluso la flora y fauna del pa\u00eds asi\u00e1tico.<\/p>\n<p>\u201cEsta fue el \u00e1rea id\u00f3nea para montar el Winter Lanter Festival, ya estuvo en Nueva York y que en M\u00e9xico permanecer\u00e1 hasta febrero de 2023\u201d.<\/p>\n<p>\u201cAdem\u00e1s que\u00a0con la intenci\u00f3n de seguir su recorrido en otras ciudades del pa\u00eds\u201d.<\/p>\n<p>Adem\u00e1s de que\u00a0inform\u00f3 la actriz Mayra Rojas, quien ser\u00e1 la conductora de la inauguraci\u00f3n que se realizar\u00e1 el viernes 9 de diciembre.<\/p>\n<p>\u201cEs un recorrido de poco m\u00e1s de dos horas y media, en el que los visitantes van caminando por \u00e1reas en forma de t\u00faneles, distintos paisajes\u201d.<\/p>\n<p>\u201cAs\u00ed como de\u00a0figuras met\u00e1licas cubiertas de telas de sedas\u201d, que supervisaron m\u00e1s de 20 expertos de China, detall\u00f3 Rojas.<\/p>\n<h4>\u00bfD\u00f3nde y cu\u00e1ndo ser\u00e1?<\/h4>\n<p>El costo de entrada ser\u00e1 de 200 pesos para adultos y 150 para ni\u00f1os. El horario ser\u00e1 de jueves a domingo de 16:00 a 24:00horas.<\/p>\n<p>Los boletos ya est\u00e1n a la venta en la p\u00e1gina de taquilla cero o directamente en la taquilla del lugar.<\/p>\n","protected":false},"excerpt":{"rendered":"<p>Este evento proveniente del lejano oriente se extender\u00e1 hasta febrero del pr\u00f3ximo a\u00f1o. Te enlistamos los costos de acceso. El Estado de M\u00e9xico: Es una celebraci\u00f3n tradicional del pa\u00eds asi\u00e1tico que se celebra el decimoquinto d\u00eda del primer mes. Esto en el calendario lunisolar chino. La recta final del a\u00f1o se caracteriza por la realizaci\u00f3n [&hellip;]<\/p>\n","protected":false},"author":1,"featured_media":10856,"comment_status":"open","ping_status":"closed","sticky":false,"template":"","format":"standard","meta":{"footnotes":""},"categories":[4],"tags":[],"class_list":["post-10854","post","type-post","status-publish","format-standard","has-post-thumbnail","hentry","category-espectaculos"],"_links":{"self":[{"href":"https:\/\/podernacional.com\/index.php?rest_route=\/wp\/v2\/posts\/10854","targetHints":{"allow":["GET"]}}],"collection":[{"href":"https:\/\/podernacional.com\/index.php?rest_route=\/wp\/v2\/posts"}],"about":[{"href":"https:\/\/podernacional.com\/index.php?rest_route=\/wp\/v2\/types\/post"}],"author":[{"embeddable":true,"href":"https:\/\/podernacional.com\/index.php?rest_route=\/wp\/v2\/users\/1"}],"replies":[{"embeddable":true,"href":"https:\/\/podernacional.com\/index.php?rest_route=%2Fwp%2Fv2%2Fcomments&post=10854"}],"version-history":[{"count":1,"href":"https:\/\/podernacional.com\/index.php?rest_route=\/wp\/v2\/posts\/10854\/revisions"}],"predecessor-version":[{"id":10855,"href":"https:\/\/podernacional.com\/index.php?rest_route=\/wp\/v2\/posts\/10854\/revisions\/10855"}],"wp:featuredmedia":[{"embeddable":true,"href":"https:\/\/podernacional.com\/index.php?rest_route=\/wp\/v2\/media\/10856"}],"wp:attachment":[{"href":"https:\/\/podernacional.com\/index.php?rest_route=%2Fwp%2Fv2%2Fmedia&parent=10854"}],"wp:term":[{"taxonomy":"category","embeddable":true,"href":"https:\/\/podernacional.com\/index.php?rest_route=%2Fwp%2Fv2%2Fcategories&post=10854"},{"taxonomy":"post_tag","embeddable":true,"href":"https:\/\/podernacional.com\/index.php?rest_route=%2Fwp%2Fv2%2Ftags&post=10854"}],"curies":[{"name":"wp","href":"https:\/\/api.w.org\/{rel}","templated":true}]}}