{"id":10857,"date":"2022-12-09T20:11:36","date_gmt":"2022-12-10T01:11:36","guid":{"rendered":"https:\/\/podernacional.com\/?p=10857"},"modified":"2022-12-10T01:11:38","modified_gmt":"2022-12-10T01:11:38","slug":"mundial-el-amargo-record-que-neymar-logro-en-la-derrota-de-brasil-frente-a-croacia-en-qatar-2022","status":"publish","type":"post","link":"https:\/\/podernacional.com\/?p=10857","title":{"rendered":"Mundial: el amargo r\u00e9cord que Neymar logr\u00f3 en la derrota de Brasil frente a Croacia en Qatar 2022"},"content":{"rendered":"<h4>Era el momento so\u00f1ado de Neymar: en el tiempo extra, marc\u00f3 el gol que clasificaba a Brasil a la semifinal del Mundial de Qatar 2022.<\/h4>\n<p>Amargo r\u00e9cord : Y era un gol muy especial, ya que con \u00e9l empataba con Pel\u00e9 en el n\u00famero total de goles con la camiseta brasile\u00f1a (77).<\/p>\n<p>La celebraci\u00f3n del delantero de 30 a\u00f1os fue una explosi\u00f3n de j\u00fabilo, el gol anhelado despu\u00e9s de un duro partido contra Croacia.<\/p>\n<p>Esto en el que la pelota se negaba a entrar a la meta.<\/p>\n<p>Pero todo se vino abajo en cuesti\u00f3n de minutos. Primero Croacia empat\u00f3 el partido y mand\u00f3 el juego a la serie de penaltis.<\/p>\n<p>Ah\u00ed Neymar no tuvo oportunidad de patear, pues dos fallas de Rodrygo y Marcos Correa hicieron que Brasil cayera frente a Croacia.<\/p>\n<p>Lo cual que no fall\u00f3 ni un penalti (4-2).<\/p>\n<h4>Neymar celebra su gol<\/h4>\n<p>Pel\u00e9 y sus 95 goles<\/p>\n<p>La FIFA reconoce 77 goles de Pel\u00e9 marcados con la selecci\u00f3n brasile\u00f1a.<\/p>\n<p>Sin embargo, la Confederaci\u00f3n Brasile\u00f1a de F\u00fatbol y el mismo Pel\u00e9 hacen un recuento de 95 tantos.<\/p>\n<p>La diferencia est\u00e1 en que algunos de los goles de Pel\u00e9 fueron marcados en amistosos de la selecci\u00f3n verdeamarela contra clubes.<\/p>\n<p>Neymar ha participado en 124 partidos de Brasil, mientras que Pel\u00e9 disput\u00f3 92 juegos internacionales.<\/p>\n<p>El actual goleador de Brasil hizo su debut el 10 de agosto de 2010, anotando su primer gol internacional contra Estados Unidos.<\/p>\n<p>Ocho de sus goles han llegado en Copas del Mundo, cuatro en 2014, dos en 2018 y dos en este campeonato en Qatar.<\/p>\n<p>Pel\u00e9 marc\u00f3 en 12 ocasiones con la selecci\u00f3n en Copas del Mundo.<\/p>\n<p>Mundial: el amargo r\u00e9cord que <a href=\"https:\/\/www.instagram.com\/neymarjr\/\">Neymar<\/a> logr\u00f3 en la derrota de Brasil frente a Croacia en Qatar 2022<\/p>\n","protected":false},"excerpt":{"rendered":"<p>Era el momento so\u00f1ado de Neymar: en el tiempo extra, marc\u00f3 el gol que clasificaba a Brasil a la semifinal del Mundial de Qatar 2022. Amargo r\u00e9cord : Y era un gol muy especial, ya que con \u00e9l empataba con Pel\u00e9 en el n\u00famero total de goles con la camiseta brasile\u00f1a (77). La celebraci\u00f3n del [&hellip;]<\/p>\n","protected":false},"author":1,"featured_media":10859,"comment_status":"open","ping_status":"closed","sticky":false,"template":"","format":"standard","meta":{"footnotes":""},"categories":[3],"tags":[],"class_list":["post-10857","post","type-post","status-publish","format-standard","has-post-thumbnail","hentry","category-deportes"],"_links":{"self":[{"href":"https:\/\/podernacional.com\/index.php?rest_route=\/wp\/v2\/posts\/10857","targetHints":{"allow":["GET"]}}],"collection":[{"href":"https:\/\/podernacional.com\/index.php?rest_route=\/wp\/v2\/posts"}],"about":[{"href":"https:\/\/podernacional.com\/index.php?rest_route=\/wp\/v2\/types\/post"}],"author":[{"embeddable":true,"href":"https:\/\/podernacional.com\/index.php?rest_route=\/wp\/v2\/users\/1"}],"replies":[{"embeddable":true,"href":"https:\/\/podernacional.com\/index.php?rest_route=%2Fwp%2Fv2%2Fcomments&post=10857"}],"version-history":[{"count":1,"href":"https:\/\/podernacional.com\/index.php?rest_route=\/wp\/v2\/posts\/10857\/revisions"}],"predecessor-version":[{"id":10858,"href":"https:\/\/podernacional.com\/index.php?rest_route=\/wp\/v2\/posts\/10857\/revisions\/10858"}],"wp:featuredmedia":[{"embeddable":true,"href":"https:\/\/podernacional.com\/index.php?rest_route=\/wp\/v2\/media\/10859"}],"wp:attachment":[{"href":"https:\/\/podernacional.com\/index.php?rest_route=%2Fwp%2Fv2%2Fmedia&parent=10857"}],"wp:term":[{"taxonomy":"category","embeddable":true,"href":"https:\/\/podernacional.com\/index.php?rest_route=%2Fwp%2Fv2%2Fcategories&post=10857"},{"taxonomy":"post_tag","embeddable":true,"href":"https:\/\/podernacional.com\/index.php?rest_route=%2Fwp%2Fv2%2Ftags&post=10857"}],"curies":[{"name":"wp","href":"https:\/\/api.w.org\/{rel}","templated":true}]}}