{"id":10860,"date":"2022-12-09T20:15:41","date_gmt":"2022-12-10T01:15:41","guid":{"rendered":"https:\/\/podernacional.com\/?p=10860"},"modified":"2022-12-10T01:15:43","modified_gmt":"2022-12-10T01:15:43","slug":"colombia-estara-en-la-final-internacional-redbull-batalla-estos-seran-los-representantes","status":"publish","type":"post","link":"https:\/\/podernacional.com\/?p=10860","title":{"rendered":"Colombia estar\u00e1 en la Final Internacional RedBull Batalla: estos ser\u00e1n los representantes"},"content":{"rendered":"<h4>El evento m\u00e1s importante de la escena del freestyle contar\u00e1 con una amplia participaci\u00f3n colombiana en todos los frentes<\/h4>\n<p>Final Internacional RedBull: Colombia estar\u00e1 presente.<\/p>\n<p>Los amantes del Freestyle en el mundo se preparan para uno de los eventos m\u00e1s esperados del a\u00f1o.<\/p>\n<p>Adem\u00e1s pues este s\u00e1bado 10 de diciembre se llevar\u00e1 a cabo la Final Internacional Red Bull en M\u00e9xico.<\/p>\n<p>Los m\u00e1s importantes exponentes de la escena se encontrar\u00e1n frente a frente para definir un campe\u00f3n, destacando la presencia de Colombia.<\/p>\n<h4>Adem\u00e1s de\u00a0que tendr\u00e1 representaci\u00f3n en la competencia y los jurados.<\/h4>\n<p>El evento se llevar\u00e1 a cabo en el Palacio de los Deportes de la Ciudad de M\u00e9xico, que si bien, a lo largo de la historia.<\/p>\n<p>El cual\u00a0ha acogido eventos de gran magnitud y otros g\u00e9neros, en esta oportunidad se dispone para el desarrollo de un concepto con predominancia urbana.<\/p>\n<p>Adem\u00e1s, la expectativa aumenta, pues esta es la casa del actual campe\u00f3n internacional.<\/p>\n<p>Con esto,\u00a0Aczino, quien podr\u00eda repetir e incluso convertirse en el primer tricampe\u00f3n de este evento.<\/p>\n<p>Los finalistas son 16, destacando los campeones de varios pa\u00edses, algunos europeos, el campe\u00f3n del torneo de plazas y el m\u00e1s votado.<\/p>\n<p>Adem\u00e1s que\u00a0teniendo en cuenta que estos hacen parte del segmento de habla hispana.<\/p>\n<h4>Los competidores<\/h4>\n<p>&#8211; Aczino (M\u00e9xico) &#8211; Vigente campe\u00f3n internacional<\/p>\n<p>&#8211; Skone (Espa\u00f1a) &#8211; Subcampe\u00f3n internacional 2021<\/p>\n<p>&#8211; Gazir (Espa\u00f1a) &#8211; Tercer lugar internacional 2021<\/p>\n<p>&#8211; Yoiker &#8211; Campe\u00f3n nacional de M\u00e9xico 2022<\/p>\n<p>&#8211; Blon &#8211; Campe\u00f3n nacional de Espa\u00f1a 2022<\/p>\n<p>&#8211; Carpediem &#8211; Campe\u00f3n nacional de Colombia 2022<\/p>\n<p>&#8211; Diego Flores &#8211; Campe\u00f3n nacional de Ecuador 2022<\/p>\n<p>&#8211; \u00c9xodo Lirical &#8211; Campe\u00f3n de Centroam\u00e9rica 2022<\/p>\n<p>-Choque &#8211; Campe\u00f3n nacional de Per\u00fa 2022<\/p>\n<p>-Mecha \u2013 Campe\u00f3n nacional de Argentina 2022<\/p>\n<p>&#8211; Jokker &#8211; Campe\u00f3n nacional de Chile 2022<\/p>\n<p>&#8211; Spektro &#8211; Campe\u00f3n nacional de Uruguay 2022<\/p>\n<p>&#8211; Rapder (M\u00e9xico) &#8211; Campe\u00f3n Internacional 2020<\/p>\n<p>-Wolf (Argentina) &#8211; Campe\u00f3n del Torneo de Plazas 2022<\/p>\n<p>-Teorema (Chile) Mejor Segundo: el subcampe\u00f3n m\u00e1s votado<\/p>\n<p>&#8211; Skiper (M\u00e9xico): Ganador del Torneo Subcampeones (Cuadrangular)<\/p>\n<p>&nbsp;<\/p>\n<p>Colombia estar\u00e1 en la Final Internacional RedBull Batalla<\/p>\n","protected":false},"excerpt":{"rendered":"<p>El evento m\u00e1s importante de la escena del freestyle contar\u00e1 con una amplia participaci\u00f3n colombiana en todos los frentes Final Internacional RedBull: Colombia estar\u00e1 presente. Los amantes del Freestyle en el mundo se preparan para uno de los eventos m\u00e1s esperados del a\u00f1o. Adem\u00e1s pues este s\u00e1bado 10 de diciembre se llevar\u00e1 a cabo la [&hellip;]<\/p>\n","protected":false},"author":1,"featured_media":10862,"comment_status":"open","ping_status":"closed","sticky":false,"template":"","format":"standard","meta":{"footnotes":""},"categories":[5],"tags":[],"class_list":["post-10860","post","type-post","status-publish","format-standard","has-post-thumbnail","hentry","category-internacional"],"_links":{"self":[{"href":"https:\/\/podernacional.com\/index.php?rest_route=\/wp\/v2\/posts\/10860","targetHints":{"allow":["GET"]}}],"collection":[{"href":"https:\/\/podernacional.com\/index.php?rest_route=\/wp\/v2\/posts"}],"about":[{"href":"https:\/\/podernacional.com\/index.php?rest_route=\/wp\/v2\/types\/post"}],"author":[{"embeddable":true,"href":"https:\/\/podernacional.com\/index.php?rest_route=\/wp\/v2\/users\/1"}],"replies":[{"embeddable":true,"href":"https:\/\/podernacional.com\/index.php?rest_route=%2Fwp%2Fv2%2Fcomments&post=10860"}],"version-history":[{"count":1,"href":"https:\/\/podernacional.com\/index.php?rest_route=\/wp\/v2\/posts\/10860\/revisions"}],"predecessor-version":[{"id":10861,"href":"https:\/\/podernacional.com\/index.php?rest_route=\/wp\/v2\/posts\/10860\/revisions\/10861"}],"wp:featuredmedia":[{"embeddable":true,"href":"https:\/\/podernacional.com\/index.php?rest_route=\/wp\/v2\/media\/10862"}],"wp:attachment":[{"href":"https:\/\/podernacional.com\/index.php?rest_route=%2Fwp%2Fv2%2Fmedia&parent=10860"}],"wp:term":[{"taxonomy":"category","embeddable":true,"href":"https:\/\/podernacional.com\/index.php?rest_route=%2Fwp%2Fv2%2Fcategories&post=10860"},{"taxonomy":"post_tag","embeddable":true,"href":"https:\/\/podernacional.com\/index.php?rest_route=%2Fwp%2Fv2%2Ftags&post=10860"}],"curies":[{"name":"wp","href":"https:\/\/api.w.org\/{rel}","templated":true}]}}