{"id":10872,"date":"2022-12-12T17:49:52","date_gmt":"2022-12-12T22:49:52","guid":{"rendered":"https:\/\/podernacional.com\/?p=10872"},"modified":"2022-12-12T22:49:54","modified_gmt":"2022-12-12T22:49:54","slug":"festival-de-cantos","status":"publish","type":"post","link":"https:\/\/podernacional.com\/?p=10872","title":{"rendered":"Festival de Cantos"},"content":{"rendered":"<h4>La Casa de las Columnas acoge la presentaci\u00f3n de este evento en el que participan 11 artistas.<\/h4>\n<p>Festival de Cantos: Esto de primer nivel con el objetivo de recaudar fondos para contribuir a la limpieza y conservaci\u00f3n del retablo del altar mayor<\/p>\n<p>El Ayuntamiento apoya el festival de Cantos de la Misa Flamenca que impulsa la Parroquia de San Jacinto<\/p>\n<p>El Centro C\u00edvico de la Casa de las Columnas ha acogido este lunes la presentaci\u00f3n del festival de Cantos de la Misa Flamenca.<\/p>\n<p>Adem\u00e1s que este viernes se celebra en la Parroquia de San Jacinto. Once profesionales del cante, la guitarra.<\/p>\n<p>Al igual que el baile participan en este encuentro que dispone una fila cero y que cuenta con el apoyo del Ayuntamiento de Sevilla.<\/p>\n<p>&nbsp;<\/p>\n<h4>Esto a trav\u00e9s del Distrito Triana \u201cy del inter\u00e9s de toda la ciudadan\u00eda, sobre todo, de los aficionados.<\/h4>\n<p>Estos cantos a la misa flamenca suponen una oportunidad \u00fanica de ver a primeras figuras de la m\u00fasica trianera.<\/p>\n<p>As\u00ed como de\u00a0sevillana compartiendo el mismo escenario que en este caso es sencillamente espectacular\u201d.<\/p>\n<p>El cual\u00a0ha destacado la delegada del distrito, Mar\u00eda Encarnaci\u00f3n Aguilar, que ha participado en la presentaci\u00f3n junto al coordinador.<\/p>\n<p>El cual\u00a0Manuel Mi\u00f1o, el premio nacional de cr\u00edtica flamenca Manuel Mart\u00edn y el p\u00e1rroco Javier Rodr\u00edguez.<\/p>\n<p>Los Cantos de la Misa Flamenca que tendr\u00e1n lugar este viernes desde las 21:30 horas en dos partes.<\/p>\n<p>En la primera se presenta el cante de Jes\u00fas Heredia, Segundo Falc\u00f3n, Esperanza Fern\u00e1ndez y Manuel Machuca.<\/p>\n<p>La segunda parte deriva en un concierto con Gualberto (sitar), Ricardo Mi\u00f1o, Jos\u00e9 Luis Postigo, Antonio G\u00e1mez (guitarra).<\/p>\n<p>El cual\u00a0Yiyi de Triana (tamboril), Manolo Mart\u00edn y Pepa Montes (baile).<\/p>\n<p>Las entradas est\u00e1n disponibles en la Teatral de la calle Vel\u00e1zquez o en la propia Parroquia de San Jacinto.<\/p>\n<p>Esto\u00a0con un donativo de 12 euros hasta completar aforo que se destinar\u00e1n a la limpieza.<\/p>\n<p>As\u00ed como la\u00a0conservaci\u00f3n del retablo de la propia parroquia, un espectacular conjunto presidido por San Jacinto.<\/p>\n<p>Esto, seg\u00fan la documentaci\u00f3n, pudo ser trasladado desde el desaparecido convento de La Victoria de la Orden de los M\u00ednimos.<\/p>\n<p>Al igual de\u00a0que fue requerido por la Hermandad del Rosario cuando sali\u00f3 a subasta p\u00fablica tras la ocupaci\u00f3n francesa.<\/p>\n","protected":false},"excerpt":{"rendered":"<p>La Casa de las Columnas acoge la presentaci\u00f3n de este evento en el que participan 11 artistas. Festival de Cantos: Esto de primer nivel con el objetivo de recaudar fondos para contribuir a la limpieza y conservaci\u00f3n del retablo del altar mayor El Ayuntamiento apoya el festival de Cantos de la Misa Flamenca que impulsa [&hellip;]<\/p>\n","protected":false},"author":1,"featured_media":10874,"comment_status":"open","ping_status":"closed","sticky":false,"template":"","format":"standard","meta":{"footnotes":""},"categories":[2],"tags":[],"class_list":["post-10872","post","type-post","status-publish","format-standard","has-post-thumbnail","hentry","category-cultural"],"_links":{"self":[{"href":"https:\/\/podernacional.com\/index.php?rest_route=\/wp\/v2\/posts\/10872","targetHints":{"allow":["GET"]}}],"collection":[{"href":"https:\/\/podernacional.com\/index.php?rest_route=\/wp\/v2\/posts"}],"about":[{"href":"https:\/\/podernacional.com\/index.php?rest_route=\/wp\/v2\/types\/post"}],"author":[{"embeddable":true,"href":"https:\/\/podernacional.com\/index.php?rest_route=\/wp\/v2\/users\/1"}],"replies":[{"embeddable":true,"href":"https:\/\/podernacional.com\/index.php?rest_route=%2Fwp%2Fv2%2Fcomments&post=10872"}],"version-history":[{"count":1,"href":"https:\/\/podernacional.com\/index.php?rest_route=\/wp\/v2\/posts\/10872\/revisions"}],"predecessor-version":[{"id":10873,"href":"https:\/\/podernacional.com\/index.php?rest_route=\/wp\/v2\/posts\/10872\/revisions\/10873"}],"wp:featuredmedia":[{"embeddable":true,"href":"https:\/\/podernacional.com\/index.php?rest_route=\/wp\/v2\/media\/10874"}],"wp:attachment":[{"href":"https:\/\/podernacional.com\/index.php?rest_route=%2Fwp%2Fv2%2Fmedia&parent=10872"}],"wp:term":[{"taxonomy":"category","embeddable":true,"href":"https:\/\/podernacional.com\/index.php?rest_route=%2Fwp%2Fv2%2Fcategories&post=10872"},{"taxonomy":"post_tag","embeddable":true,"href":"https:\/\/podernacional.com\/index.php?rest_route=%2Fwp%2Fv2%2Ftags&post=10872"}],"curies":[{"name":"wp","href":"https:\/\/api.w.org\/{rel}","templated":true}]}}