{"id":10875,"date":"2022-12-12T18:45:11","date_gmt":"2022-12-12T23:45:11","guid":{"rendered":"https:\/\/podernacional.com\/?p=10875"},"modified":"2022-12-12T23:45:12","modified_gmt":"2022-12-12T23:45:12","slug":"el-festival-de-musica-de-canarias-programa-siete-conciertos-en-la-palma","status":"publish","type":"post","link":"https:\/\/podernacional.com\/?p=10875","title":{"rendered":"El Festival de M\u00fasica de Canarias programa siete conciertos en La Palma"},"content":{"rendered":"<h4>Estar\u00e1 el prestigioso pianista Daniil Trifonov, la Orquesta Filarm\u00f3nica de Gran Canaria y el premiado Cuarteto Casal<\/h4>\n<p>M\u00fasicos que actuar\u00e1n en La Palma dentro del Festival de M\u00fasica de Canarias.<\/p>\n<p>El Festival Internacional de M\u00fasica de Canarias regresa en enero de 2023 a La Palma en una nueva edici\u00f3n.<\/p>\n<p>La cual que traer\u00e1 al Archipi\u00e9lago a prestigiosos directores, solistas y orquestas de m\u00e1ximo nivel internacional.<\/p>\n<p>En la Isla Bonita estar\u00e1 la Orquesta Filarm\u00f3nica de Gran Canaria, el prestigioso pianista Daniil Trifonov, el Cuarteto Casals.<\/p>\n<p>Al igual que el\u00a0-Premio Nacional de M\u00fasica- y el m\u00edtico grupo brit\u00e1nico Gabrieli Consort.<\/p>\n<p>La programaci\u00f3n se completa con el concierto del ensemble historicista El Afecto Ilustrado y los singulares espect\u00e1culos \u2018Desconcerto\u2019 y \u2018Consonancias\u2019.<\/p>\n<p>Todo ello entre el 14 de enero y el 6 de febrero, en el marco de esta destacada cita cultural y de su secci\u00f3n En Paralelo.<\/p>\n<p>As\u00ed como en espacios de Santa Cruz de La Palma, Los Llanos de Aridane y Los Sauces. Las entradas est\u00e1n disponibles en www.festivaldecanarias.com<\/p>\n<p>&nbsp;<\/p>\n<h4>Organizado por el Gobierno de Canarias, en colaboraci\u00f3n con el Cabildo Insular y bajo la direcci\u00f3n art\u00edstica de Jorge Perdig\u00f3n.<\/h4>\n<p>Con esto\u00a0la programaci\u00f3n del 39 FIMC en La Palma comenzar\u00e1 el s\u00e1bado 14 de enero en el Teatro Circo de Mart.<\/p>\n<p>El cual contar\u00e1\u00a0con un concierto de la Orquesta Filarm\u00f3nica de Gran Canaria, bajo la direcci\u00f3n de su titular Karel Mark Chichon.<\/p>\n<p>As\u00ed como\u00a0con un monogr\u00e1fico de W. A. Mozart, que incluye el Concierto para Flauta n\u00ba2, con Clara Andrada como solista.<\/p>\n<p>Adem\u00e1s de\u00a0una artista joven pero con una gran trayectoria. Actualmente es flauta principal de la Frankfurt Radio Symphony Orchestra.<\/p>\n<h4>Adem\u00e1s\u00a0de la Chamber Orchestra of Europe.<\/h4>\n<p>El programa contin\u00faa el mi\u00e9rcoles 18 en este mismo escenario con el original espect\u00e1culo c\u00f3mico \u2018Desconcerto\u2019.<\/p>\n<p>Est\u00e1 a cargo de un ensemble de catorce m\u00fasicos de cuerda que realizan la denominada \u201cM\u00fasica Humor\u00edstica\u2019.<\/p>\n<p>El cual es un proyecto ideado por Jordi Purt\u00ed y Orthemis Orquestra, aplaudido por p\u00fablico y prensa gracias a su frescura y simpat\u00eda en escena.<\/p>\n<p>Propone un encuentro entre la m\u00fasica, el teatro, el humor y la emoci\u00f3n de los espectadores de todas las edades y culturas.<\/p>\n<p>De esta forma, consiguen acercar la m\u00fasica cl\u00e1sica al gran p\u00fablico, con virtuosismo, imaginaci\u00f3n y risas.<\/p>\n","protected":false},"excerpt":{"rendered":"<p>Estar\u00e1 el prestigioso pianista Daniil Trifonov, la Orquesta Filarm\u00f3nica de Gran Canaria y el premiado Cuarteto Casal M\u00fasicos que actuar\u00e1n en La Palma dentro del Festival de M\u00fasica de Canarias. El Festival Internacional de M\u00fasica de Canarias regresa en enero de 2023 a La Palma en una nueva edici\u00f3n. La cual que traer\u00e1 al Archipi\u00e9lago [&hellip;]<\/p>\n","protected":false},"author":1,"featured_media":10877,"comment_status":"open","ping_status":"closed","sticky":false,"template":"","format":"standard","meta":{"footnotes":""},"categories":[4],"tags":[],"class_list":["post-10875","post","type-post","status-publish","format-standard","has-post-thumbnail","hentry","category-espectaculos"],"_links":{"self":[{"href":"https:\/\/podernacional.com\/index.php?rest_route=\/wp\/v2\/posts\/10875","targetHints":{"allow":["GET"]}}],"collection":[{"href":"https:\/\/podernacional.com\/index.php?rest_route=\/wp\/v2\/posts"}],"about":[{"href":"https:\/\/podernacional.com\/index.php?rest_route=\/wp\/v2\/types\/post"}],"author":[{"embeddable":true,"href":"https:\/\/podernacional.com\/index.php?rest_route=\/wp\/v2\/users\/1"}],"replies":[{"embeddable":true,"href":"https:\/\/podernacional.com\/index.php?rest_route=%2Fwp%2Fv2%2Fcomments&post=10875"}],"version-history":[{"count":1,"href":"https:\/\/podernacional.com\/index.php?rest_route=\/wp\/v2\/posts\/10875\/revisions"}],"predecessor-version":[{"id":10876,"href":"https:\/\/podernacional.com\/index.php?rest_route=\/wp\/v2\/posts\/10875\/revisions\/10876"}],"wp:featuredmedia":[{"embeddable":true,"href":"https:\/\/podernacional.com\/index.php?rest_route=\/wp\/v2\/media\/10877"}],"wp:attachment":[{"href":"https:\/\/podernacional.com\/index.php?rest_route=%2Fwp%2Fv2%2Fmedia&parent=10875"}],"wp:term":[{"taxonomy":"category","embeddable":true,"href":"https:\/\/podernacional.com\/index.php?rest_route=%2Fwp%2Fv2%2Fcategories&post=10875"},{"taxonomy":"post_tag","embeddable":true,"href":"https:\/\/podernacional.com\/index.php?rest_route=%2Fwp%2Fv2%2Ftags&post=10875"}],"curies":[{"name":"wp","href":"https:\/\/api.w.org\/{rel}","templated":true}]}}